{"id":6449,"date":"2023-11-13T13:02:47","date_gmt":"2023-11-13T13:02:47","guid":{"rendered":"https:\/\/www.saltapatras.online\/?p=6449"},"modified":"2023-11-13T14:31:57","modified_gmt":"2023-11-13T14:31:57","slug":"poes-reprimio-protesta-en-el-nabo-infancias-y-periodistas-resultaron-agredidos","status":"publish","type":"post","link":"https:\/\/www.saltapatras.online\/index.php\/2023\/11\/13\/poes-reprimio-protesta-en-el-nabo-infancias-y-periodistas-resultaron-agredidos\/","title":{"rendered":"POES reprimi\u00f3 protesta en El Nabo: infancias y periodistas resultaron agredidos"},"content":{"rendered":"\n<hr class=\"wp-block-separator has-alpha-channel-opacity is-style-wide\"\/>\n\n\n\n<p><strong>Texto: Manelick Cruz<\/strong><\/p>\n\n\n\n<p><strong>Fotograf\u00eda: Manelick Cruz<\/strong><\/p>\n\n\n\n<hr class=\"wp-block-separator has-alpha-channel-opacity is-style-wide\"\/>\n\n\n\n<div style=\"height:70px\" aria-hidden=\"true\" class=\"wp-block-spacer\"><\/div>\n\n\n\n<p class=\"has-drop-cap\">Cerca de 20 habitantes del El Nabo, entre los que se encontraban dos menores de edad, resultaron heridos en el desalojo que realiz\u00f3 la Polic\u00eda Estatal (POES) en las manifestaciones que realizaron la noche del s\u00e1bado y en las que cerraron de forma parcial el Anillo Vial Fray Jun\u00edpero Serra y el Boulevard de la Naci\u00f3n.<\/p>\n\n\n\n<p>La comunidad, cabe recordar, fue parte de las afectadas por al explosi\u00f3n de lasubestaci\u00f3n de la Comisi\u00f3n Federal de Electricidad (CFE) que dej\u00f3 al menos 35mil personas sin energ\u00eda el\u00e9ctrica y sin agua (pues las bombas de seis pozos quedaron inoperantes). Sin embargo, los habitantes de El Nabo denunciaron que, pese a que el suministro en Juriquilla y Cumbres del Lago fue restablecido un d\u00eda despu\u00e9s, ellos cumplieron cuatro d\u00edas sin ninguno de los dos servicios el domingo, por lo que decidieron movilizarse para presionar a las autoridades.<\/p>\n\n\n\n<p>Los apagones, explicaron, no s\u00f3lo hicieron que las comidas de sus refrigeradores y productos de negocios se echaran a perder, sino que adem\u00e1s convirti\u00f3 a la comunidad en un foco de inseguridad donde aumentaron los robos a veh\u00edculo, casa habitaci\u00f3n y los asaltos. El d\u00eda de la manifestaci\u00f3n, sin embargo, la Polic\u00eda Estatal decidi\u00f3 embestir contra ellos pese a haberse entablado di\u00e1logo con Erik Gudi\u00f1o, subsecretario de Gobierno estatal.<\/p>\n\n\n\n<div style=\"height:29px\" aria-hidden=\"true\" class=\"wp-block-spacer\"><\/div>\n\n\n\n<figure class=\"wp-block-image size-large\"><img loading=\"lazy\" decoding=\"async\" width=\"1024\" height=\"768\" src=\"https:\/\/www.saltapatras.online\/wp-content\/uploads\/2023\/11\/363614999_1032956247817107_8660102200218028916_n-1024x768.jpg\" alt=\"\" class=\"wp-image-6451\" srcset=\"https:\/\/www.saltapatras.online\/wp-content\/uploads\/2023\/11\/363614999_1032956247817107_8660102200218028916_n-1024x768.jpg 1024w, https:\/\/www.saltapatras.online\/wp-content\/uploads\/2023\/11\/363614999_1032956247817107_8660102200218028916_n-300x225.jpg 300w, https:\/\/www.saltapatras.online\/wp-content\/uploads\/2023\/11\/363614999_1032956247817107_8660102200218028916_n-768x576.jpg 768w, https:\/\/www.saltapatras.online\/wp-content\/uploads\/2023\/11\/363614999_1032956247817107_8660102200218028916_n.jpg 1280w\" sizes=\"auto, (max-width: 1024px) 100vw, 1024px\" \/><\/figure>\n\n\n\n<div style=\"height:30px\" aria-hidden=\"true\" class=\"wp-block-spacer\"><\/div>\n\n\n\n<p>\u201cDesde el d\u00eda del apag\u00f3n, hubo robos, asaltos y ni una patrulla, no vinieron a dar seguridad. Lo que pretendemos es que se haga justicia, ejercimos nuestro derecho a la libertad de expresi\u00f3n y no bloqueamos (las v\u00edas) al 100%. Pero parece que esa fue la soluci\u00f3n porque, mientras POES golpeaba a las personas, aqu\u00ed regres\u00f3 la electricidad\u201d, se\u00f1alaron en una movilizaci\u00f3n al mediod\u00eda del domingo en el centro de la comunidad.<\/p>\n\n\n\n<p>Seg\u00fan narraron, con Gudi\u00f1o se defini\u00f3 que se abrir\u00eda un carril para \u201cevitar afectar a terceros\u201d, pero poco despu\u00e9s un equipo antimotines de la POES, acompa\u00f1ado de binomios caninos, disolvieron la manifestaci\u00f3n disparando balas de goma y lanzando gases lacrim\u00f3genos. En uno de los veh\u00edculos afectados, se puede ver que el parabrisas trasero se rompi\u00f3 y el delantero ten\u00eda impactos de bala. Los vidrios de ese coche, adem\u00e1s, hirieron a una menor de edad.<\/p>\n\n\n\n<p>Por ahora, los mismos habitantes se organizaron para realizar colectas y pagar los tratamientos m\u00e9dicos de quienes resultaron heridos, destac\u00e1ndose gastos que alcanzaron los cinco mil pesos. Asimismo, anunciaron la realizaci\u00f3n de una Kerm\u00e9s en el pueblo para juntar m\u00e1s recursos para quienes necesitar\u00e1n tratamientos m\u00e9dicos por m\u00e1s tiempo.<\/p>\n\n\n\n<div style=\"height:34px\" aria-hidden=\"true\" class=\"wp-block-spacer\"><\/div>\n\n\n\n<figure class=\"wp-block-image size-large\"><img loading=\"lazy\" decoding=\"async\" width=\"1024\" height=\"768\" src=\"https:\/\/www.saltapatras.online\/wp-content\/uploads\/2023\/11\/386449125_1732356660612042_2904832287105411838_n-1024x768.jpg\" alt=\"\" class=\"wp-image-6452\" srcset=\"https:\/\/www.saltapatras.online\/wp-content\/uploads\/2023\/11\/386449125_1732356660612042_2904832287105411838_n-1024x768.jpg 1024w, https:\/\/www.saltapatras.online\/wp-content\/uploads\/2023\/11\/386449125_1732356660612042_2904832287105411838_n-300x225.jpg 300w, https:\/\/www.saltapatras.online\/wp-content\/uploads\/2023\/11\/386449125_1732356660612042_2904832287105411838_n-768x576.jpg 768w, https:\/\/www.saltapatras.online\/wp-content\/uploads\/2023\/11\/386449125_1732356660612042_2904832287105411838_n.jpg 1280w\" sizes=\"auto, (max-width: 1024px) 100vw, 1024px\" \/><\/figure>\n\n\n\n<div style=\"height:31px\" aria-hidden=\"true\" class=\"wp-block-spacer\"><\/div>\n\n\n\n<p>\u201cNo llegaron a disuadirlos, llegaron con perros, antimotines, tirando gas lacrim\u00f3geno a quien fuera. Hasta periodistas terminaron heridos. Esas no son formas, somos personas y conscientes. Somos personas tranquilas, sabemos que hay mucha demanda, pero es il\u00f3gico que Cumbres de Lago nos separa un cerro y tienen luz\u201d, se\u00f1alaron.<\/p>\n\n\n\n<p>Fueron, entonces, 14 personas detenidas y presentadas al Juzgado C\u00edvico Municipal por estos hechos, seg\u00fan inform\u00f3 la Secretar\u00eda de Seguridad P\u00fablica de la capital, que en un comunicado agreg\u00f3 que fueron liberados dos horas despu\u00e9s, ya que el juez de turno determin\u00f3 \u201cque las personas detenidas s\u00f3lo eran acreedoras a una amonestaci\u00f3n\u201d. Este lunes, adem\u00e1s, anunciaron que presentar\u00e1n las denuncias correspondientes antela Fiscal\u00eda General del estado (FGE), el \u00f3rgano interno de control de la POES y la Defensor\u00eda de Derechos Humanos de Quer\u00e9taro (DDHQ).<\/p>\n\n\n\n<p>Este \u00faltimo organismo, cabe se\u00f1alar, no emiti\u00f3 a\u00fan ning\u00fan pronunciamiento y, seg\u00fan los habitantes, hasta la tarde del domingo no se hab\u00edan acercado para contactarlos.<\/p>\n\n\n\n<div style=\"height:32px\" aria-hidden=\"true\" class=\"wp-block-spacer\"><\/div>\n\n\n\n<figure class=\"wp-block-image size-large\"><img loading=\"lazy\" decoding=\"async\" width=\"1024\" height=\"768\" src=\"https:\/\/www.saltapatras.online\/wp-content\/uploads\/2023\/11\/370250137_1348911416013316_2364666346333978276_n-1024x768.jpg\" alt=\"\" class=\"wp-image-6453\" srcset=\"https:\/\/www.saltapatras.online\/wp-content\/uploads\/2023\/11\/370250137_1348911416013316_2364666346333978276_n-1024x768.jpg 1024w, https:\/\/www.saltapatras.online\/wp-content\/uploads\/2023\/11\/370250137_1348911416013316_2364666346333978276_n-300x225.jpg 300w, https:\/\/www.saltapatras.online\/wp-content\/uploads\/2023\/11\/370250137_1348911416013316_2364666346333978276_n-768x576.jpg 768w, https:\/\/www.saltapatras.online\/wp-content\/uploads\/2023\/11\/370250137_1348911416013316_2364666346333978276_n.jpg 1280w\" sizes=\"auto, (max-width: 1024px) 100vw, 1024px\" \/><\/figure>\n\n\n\n<div style=\"height:71px\" aria-hidden=\"true\" class=\"wp-block-spacer\"><\/div>\n","protected":false},"excerpt":{"rendered":"<p>Cerca de 20 habitantes del El Nabo, entre los que se encontraban dos menores de edad, resultaron heridos en el desalojo que realiz\u00f3 la Polic\u00eda Estatal (POES).<\/p>\n","protected":false},"author":23,"featured_media":6450,"comment_status":"open","ping_status":"open","sticky":false,"template":"","format":"standard","meta":{"footnotes":""},"categories":[213],"tags":[],"class_list":["post-6449","post","type-post","status-publish","format-standard","has-post-thumbnail","hentry","category-noticias"],"yoast_head":"<!-- This site is optimized with the Yoast SEO plugin v27.4 - https:\/\/yoast.com\/product\/yoast-seo-wordpress\/ -->\n<title>POES reprimi\u00f3 protesta en El Nabo: infancias y periodistas resultaron agredidos - Proyecto Saltapatr\u00e1s<\/title>\n<meta name=\"robots\" content=\"noindex, follow, max-snippet:-1, max-image-preview:large, max-video-preview:-1\" \/>\n<meta name=\"twitter:card\" content=\"summary_large_image\" \/>\n<meta name=\"twitter:title\" content=\"POES reprimi\u00f3 protesta en El Nabo: infancias y periodistas resultaron agredidos - Proyecto Saltapatr\u00e1s\" \/>\n<meta name=\"twitter:description\" content=\"Cerca de 20 habitantes del El Nabo, entre los que se encontraban dos menores de edad, resultaron heridos en el desalojo que realiz\u00f3 la Polic\u00eda Estatal (POES).\" \/>\n<meta name=\"twitter:image\" content=\"https:\/\/www.saltapatras.online\/wp-content\/uploads\/2023\/11\/368511421_327307839933806_1116334792260365422_n.jpg\" \/>\n<meta name=\"twitter:site\" content=\"@DavidAlv5\" \/>\n<meta name=\"twitter:label1\" content=\"Escrito por\" \/>\n\t<meta name=\"twitter:data1\" content=\"Redacci\u00f3n\" \/>\n\t<meta name=\"twitter:label2\" content=\"Tiempo de lectura\" \/>\n\t<meta name=\"twitter:data2\" content=\"4 minutos\" \/>\n<script type=\"application\/ld+json\" class=\"yoast-schema-graph\">{\"@context\":\"https:\\\/\\\/schema.org\",\"@graph\":[{\"@type\":\"Article\",\"@id\":\"https:\\\/\\\/www.saltapatras.online\\\/index.php\\\/2023\\\/11\\\/13\\\/poes-reprimio-protesta-en-el-nabo-infancias-y-periodistas-resultaron-agredidos\\\/#article\",\"isPartOf\":{\"@id\":\"https:\\\/\\\/www.saltapatras.online\\\/index.php\\\/2023\\\/11\\\/13\\\/poes-reprimio-protesta-en-el-nabo-infancias-y-periodistas-resultaron-agredidos\\\/\"},\"author\":{\"name\":\"Redacci\u00f3n\",\"@id\":\"http:\\\/\\\/www.saltapatras.online\\\/#\\\/schema\\\/person\\\/2c91d5328c38184e852e0ee571987a25\"},\"headline\":\"POES reprimi\u00f3 protesta en El Nabo: infancias y periodistas resultaron agredidos\",\"datePublished\":\"2023-11-13T13:02:47+00:00\",\"dateModified\":\"2023-11-13T14:31:57+00:00\",\"mainEntityOfPage\":{\"@id\":\"https:\\\/\\\/www.saltapatras.online\\\/index.php\\\/2023\\\/11\\\/13\\\/poes-reprimio-protesta-en-el-nabo-infancias-y-periodistas-resultaron-agredidos\\\/\"},\"wordCount\":648,\"commentCount\":0,\"publisher\":{\"@id\":\"http:\\\/\\\/www.saltapatras.online\\\/#\\\/schema\\\/person\\\/ba188863f686d47242cbdcc48828c735\"},\"image\":{\"@id\":\"https:\\\/\\\/www.saltapatras.online\\\/index.php\\\/2023\\\/11\\\/13\\\/poes-reprimio-protesta-en-el-nabo-infancias-y-periodistas-resultaron-agredidos\\\/#primaryimage\"},\"thumbnailUrl\":\"https:\\\/\\\/www.saltapatras.online\\\/wp-content\\\/uploads\\\/2023\\\/11\\\/368511421_327307839933806_1116334792260365422_n.jpg\",\"articleSection\":[\"Noticias\"],\"inLanguage\":\"es\",\"potentialAction\":[{\"@type\":\"CommentAction\",\"name\":\"Comment\",\"target\":[\"https:\\\/\\\/www.saltapatras.online\\\/index.php\\\/2023\\\/11\\\/13\\\/poes-reprimio-protesta-en-el-nabo-infancias-y-periodistas-resultaron-agredidos\\\/#respond\"]}]},{\"@type\":\"WebPage\",\"@id\":\"https:\\\/\\\/www.saltapatras.online\\\/index.php\\\/2023\\\/11\\\/13\\\/poes-reprimio-protesta-en-el-nabo-infancias-y-periodistas-resultaron-agredidos\\\/\",\"url\":\"https:\\\/\\\/www.saltapatras.online\\\/index.php\\\/2023\\\/11\\\/13\\\/poes-reprimio-protesta-en-el-nabo-infancias-y-periodistas-resultaron-agredidos\\\/\",\"name\":\"POES reprimi\u00f3 protesta en El Nabo: infancias y periodistas resultaron agredidos - Proyecto Saltapatr\u00e1s\",\"isPartOf\":{\"@id\":\"http:\\\/\\\/www.saltapatras.online\\\/#website\"},\"primaryImageOfPage\":{\"@id\":\"https:\\\/\\\/www.saltapatras.online\\\/index.php\\\/2023\\\/11\\\/13\\\/poes-reprimio-protesta-en-el-nabo-infancias-y-periodistas-resultaron-agredidos\\\/#primaryimage\"},\"image\":{\"@id\":\"https:\\\/\\\/www.saltapatras.online\\\/index.php\\\/2023\\\/11\\\/13\\\/poes-reprimio-protesta-en-el-nabo-infancias-y-periodistas-resultaron-agredidos\\\/#primaryimage\"},\"thumbnailUrl\":\"https:\\\/\\\/www.saltapatras.online\\\/wp-content\\\/uploads\\\/2023\\\/11\\\/368511421_327307839933806_1116334792260365422_n.jpg\",\"datePublished\":\"2023-11-13T13:02:47+00:00\",\"dateModified\":\"2023-11-13T14:31:57+00:00\",\"breadcrumb\":{\"@id\":\"https:\\\/\\\/www.saltapatras.online\\\/index.php\\\/2023\\\/11\\\/13\\\/poes-reprimio-protesta-en-el-nabo-infancias-y-periodistas-resultaron-agredidos\\\/#breadcrumb\"},\"inLanguage\":\"es\",\"potentialAction\":[{\"@type\":\"ReadAction\",\"target\":[\"https:\\\/\\\/www.saltapatras.online\\\/index.php\\\/2023\\\/11\\\/13\\\/poes-reprimio-protesta-en-el-nabo-infancias-y-periodistas-resultaron-agredidos\\\/\"]}]},{\"@type\":\"ImageObject\",\"inLanguage\":\"es\",\"@id\":\"https:\\\/\\\/www.saltapatras.online\\\/index.php\\\/2023\\\/11\\\/13\\\/poes-reprimio-protesta-en-el-nabo-infancias-y-periodistas-resultaron-agredidos\\\/#primaryimage\",\"url\":\"https:\\\/\\\/www.saltapatras.online\\\/wp-content\\\/uploads\\\/2023\\\/11\\\/368511421_327307839933806_1116334792260365422_n.jpg\",\"contentUrl\":\"https:\\\/\\\/www.saltapatras.online\\\/wp-content\\\/uploads\\\/2023\\\/11\\\/368511421_327307839933806_1116334792260365422_n.jpg\",\"width\":1280,\"height\":960},{\"@type\":\"BreadcrumbList\",\"@id\":\"https:\\\/\\\/www.saltapatras.online\\\/index.php\\\/2023\\\/11\\\/13\\\/poes-reprimio-protesta-en-el-nabo-infancias-y-periodistas-resultaron-agredidos\\\/#breadcrumb\",\"itemListElement\":[{\"@type\":\"ListItem\",\"position\":1,\"name\":\"Portada\",\"item\":\"http:\\\/\\\/www.saltapatras.online\\\/\"},{\"@type\":\"ListItem\",\"position\":2,\"name\":\"POES reprimi\u00f3 protesta en El Nabo: infancias y periodistas resultaron agredidos\"}]},{\"@type\":\"WebSite\",\"@id\":\"http:\\\/\\\/www.saltapatras.online\\\/#website\",\"url\":\"http:\\\/\\\/www.saltapatras.online\\\/\",\"name\":\"Saltapatr\u00e1s\",\"description\":\"Proyecto Saltapatr\u00e1s es un medio independiente de periodismo, an\u00e1lisis y divulgaci\u00f3n cultural.\",\"publisher\":{\"@id\":\"http:\\\/\\\/www.saltapatras.online\\\/#\\\/schema\\\/person\\\/ba188863f686d47242cbdcc48828c735\"},\"potentialAction\":[{\"@type\":\"SearchAction\",\"target\":{\"@type\":\"EntryPoint\",\"urlTemplate\":\"http:\\\/\\\/www.saltapatras.online\\\/?s={search_term_string}\"},\"query-input\":{\"@type\":\"PropertyValueSpecification\",\"valueRequired\":true,\"valueName\":\"search_term_string\"}}],\"inLanguage\":\"es\"},{\"@type\":[\"Person\",\"Organization\"],\"@id\":\"http:\\\/\\\/www.saltapatras.online\\\/#\\\/schema\\\/person\\\/ba188863f686d47242cbdcc48828c735\",\"name\":\"David \u00c1lvarez\",\"image\":{\"@type\":\"ImageObject\",\"inLanguage\":\"es\",\"@id\":\"https:\\\/\\\/www.saltapatras.online\\\/wp-content\\\/uploads\\\/2025\\\/09\\\/cropped-cropped-cropped-cropped-Logotipo-1.png\",\"url\":\"https:\\\/\\\/www.saltapatras.online\\\/wp-content\\\/uploads\\\/2025\\\/09\\\/cropped-cropped-cropped-cropped-Logotipo-1.png\",\"contentUrl\":\"https:\\\/\\\/www.saltapatras.online\\\/wp-content\\\/uploads\\\/2025\\\/09\\\/cropped-cropped-cropped-cropped-Logotipo-1.png\",\"width\":960,\"height\":282,\"caption\":\"David \u00c1lvarez\"},\"logo\":{\"@id\":\"https:\\\/\\\/www.saltapatras.online\\\/wp-content\\\/uploads\\\/2025\\\/09\\\/cropped-cropped-cropped-cropped-Logotipo-1.png\"},\"description\":\"Soci\u00f3logo, periodista y gestor cultural. Dirige Proyecto Saltapatr\u00e1s. Estudia la maestr\u00eda en Derechos Humanos y Pol\u00edticas P\u00fablicas.\",\"sameAs\":[\"https:\\\/\\\/www.saltapatras.online\",\"https:\\\/\\\/www.facebook.com\\\/davidalvarezv\\\/\",\"https:\\\/\\\/x.com\\\/DavidAlv5\"]},{\"@type\":\"Person\",\"@id\":\"http:\\\/\\\/www.saltapatras.online\\\/#\\\/schema\\\/person\\\/2c91d5328c38184e852e0ee571987a25\",\"name\":\"Redacci\u00f3n\",\"image\":{\"@type\":\"ImageObject\",\"inLanguage\":\"es\",\"@id\":\"https:\\\/\\\/www.saltapatras.online\\\/wp-content\\\/uploads\\\/2022\\\/07\\\/131232987_3664479996942607_7395439210558730337_n-150x150.png\",\"url\":\"https:\\\/\\\/www.saltapatras.online\\\/wp-content\\\/uploads\\\/2022\\\/07\\\/131232987_3664479996942607_7395439210558730337_n-150x150.png\",\"contentUrl\":\"https:\\\/\\\/www.saltapatras.online\\\/wp-content\\\/uploads\\\/2022\\\/07\\\/131232987_3664479996942607_7395439210558730337_n-150x150.png\",\"caption\":\"Redacci\u00f3n\"},\"url\":\"https:\\\/\\\/www.saltapatras.online\\\/index.php\\\/author\\\/redaccion\\\/\"}]}<\/script>\n<!-- \/ Yoast SEO plugin. -->","yoast_head_json":{"title":"POES reprimi\u00f3 protesta en El Nabo: infancias y periodistas resultaron agredidos - Proyecto Saltapatr\u00e1s","robots":{"index":"noindex","follow":"follow","max-snippet":"max-snippet:-1","max-image-preview":"max-image-preview:large","max-video-preview":"max-video-preview:-1"},"twitter_card":"summary_large_image","twitter_title":"POES reprimi\u00f3 protesta en El Nabo: infancias y periodistas resultaron agredidos - Proyecto Saltapatr\u00e1s","twitter_description":"Cerca de 20 habitantes del El Nabo, entre los que se encontraban dos menores de edad, resultaron heridos en el desalojo que realiz\u00f3 la Polic\u00eda Estatal (POES).","twitter_image":"https:\/\/www.saltapatras.online\/wp-content\/uploads\/2023\/11\/368511421_327307839933806_1116334792260365422_n.jpg","twitter_site":"@DavidAlv5","twitter_misc":{"Escrito por":"Redacci\u00f3n","Tiempo de lectura":"4 minutos"},"schema":{"@context":"https:\/\/schema.org","@graph":[{"@type":"Article","@id":"https:\/\/www.saltapatras.online\/index.php\/2023\/11\/13\/poes-reprimio-protesta-en-el-nabo-infancias-y-periodistas-resultaron-agredidos\/#article","isPartOf":{"@id":"https:\/\/www.saltapatras.online\/index.php\/2023\/11\/13\/poes-reprimio-protesta-en-el-nabo-infancias-y-periodistas-resultaron-agredidos\/"},"author":{"name":"Redacci\u00f3n","@id":"http:\/\/www.saltapatras.online\/#\/schema\/person\/2c91d5328c38184e852e0ee571987a25"},"headline":"POES reprimi\u00f3 protesta en El Nabo: infancias y periodistas resultaron agredidos","datePublished":"2023-11-13T13:02:47+00:00","dateModified":"2023-11-13T14:31:57+00:00","mainEntityOfPage":{"@id":"https:\/\/www.saltapatras.online\/index.php\/2023\/11\/13\/poes-reprimio-protesta-en-el-nabo-infancias-y-periodistas-resultaron-agredidos\/"},"wordCount":648,"commentCount":0,"publisher":{"@id":"http:\/\/www.saltapatras.online\/#\/schema\/person\/ba188863f686d47242cbdcc48828c735"},"image":{"@id":"https:\/\/www.saltapatras.online\/index.php\/2023\/11\/13\/poes-reprimio-protesta-en-el-nabo-infancias-y-periodistas-resultaron-agredidos\/#primaryimage"},"thumbnailUrl":"https:\/\/www.saltapatras.online\/wp-content\/uploads\/2023\/11\/368511421_327307839933806_1116334792260365422_n.jpg","articleSection":["Noticias"],"inLanguage":"es","potentialAction":[{"@type":"CommentAction","name":"Comment","target":["https:\/\/www.saltapatras.online\/index.php\/2023\/11\/13\/poes-reprimio-protesta-en-el-nabo-infancias-y-periodistas-resultaron-agredidos\/#respond"]}]},{"@type":"WebPage","@id":"https:\/\/www.saltapatras.online\/index.php\/2023\/11\/13\/poes-reprimio-protesta-en-el-nabo-infancias-y-periodistas-resultaron-agredidos\/","url":"https:\/\/www.saltapatras.online\/index.php\/2023\/11\/13\/poes-reprimio-protesta-en-el-nabo-infancias-y-periodistas-resultaron-agredidos\/","name":"POES reprimi\u00f3 protesta en El Nabo: infancias y periodistas resultaron agredidos - Proyecto Saltapatr\u00e1s","isPartOf":{"@id":"http:\/\/www.saltapatras.online\/#website"},"primaryImageOfPage":{"@id":"https:\/\/www.saltapatras.online\/index.php\/2023\/11\/13\/poes-reprimio-protesta-en-el-nabo-infancias-y-periodistas-resultaron-agredidos\/#primaryimage"},"image":{"@id":"https:\/\/www.saltapatras.online\/index.php\/2023\/11\/13\/poes-reprimio-protesta-en-el-nabo-infancias-y-periodistas-resultaron-agredidos\/#primaryimage"},"thumbnailUrl":"https:\/\/www.saltapatras.online\/wp-content\/uploads\/2023\/11\/368511421_327307839933806_1116334792260365422_n.jpg","datePublished":"2023-11-13T13:02:47+00:00","dateModified":"2023-11-13T14:31:57+00:00","breadcrumb":{"@id":"https:\/\/www.saltapatras.online\/index.php\/2023\/11\/13\/poes-reprimio-protesta-en-el-nabo-infancias-y-periodistas-resultaron-agredidos\/#breadcrumb"},"inLanguage":"es","potentialAction":[{"@type":"ReadAction","target":["https:\/\/www.saltapatras.online\/index.php\/2023\/11\/13\/poes-reprimio-protesta-en-el-nabo-infancias-y-periodistas-resultaron-agredidos\/"]}]},{"@type":"ImageObject","inLanguage":"es","@id":"https:\/\/www.saltapatras.online\/index.php\/2023\/11\/13\/poes-reprimio-protesta-en-el-nabo-infancias-y-periodistas-resultaron-agredidos\/#primaryimage","url":"https:\/\/www.saltapatras.online\/wp-content\/uploads\/2023\/11\/368511421_327307839933806_1116334792260365422_n.jpg","contentUrl":"https:\/\/www.saltapatras.online\/wp-content\/uploads\/2023\/11\/368511421_327307839933806_1116334792260365422_n.jpg","width":1280,"height":960},{"@type":"BreadcrumbList","@id":"https:\/\/www.saltapatras.online\/index.php\/2023\/11\/13\/poes-reprimio-protesta-en-el-nabo-infancias-y-periodistas-resultaron-agredidos\/#breadcrumb","itemListElement":[{"@type":"ListItem","position":1,"name":"Portada","item":"http:\/\/www.saltapatras.online\/"},{"@type":"ListItem","position":2,"name":"POES reprimi\u00f3 protesta en El Nabo: infancias y periodistas resultaron agredidos"}]},{"@type":"WebSite","@id":"http:\/\/www.saltapatras.online\/#website","url":"http:\/\/www.saltapatras.online\/","name":"Saltapatr\u00e1s","description":"Proyecto Saltapatr\u00e1s es un medio independiente de periodismo, an\u00e1lisis y divulgaci\u00f3n cultural.","publisher":{"@id":"http:\/\/www.saltapatras.online\/#\/schema\/person\/ba188863f686d47242cbdcc48828c735"},"potentialAction":[{"@type":"SearchAction","target":{"@type":"EntryPoint","urlTemplate":"http:\/\/www.saltapatras.online\/?s={search_term_string}"},"query-input":{"@type":"PropertyValueSpecification","valueRequired":true,"valueName":"search_term_string"}}],"inLanguage":"es"},{"@type":["Person","Organization"],"@id":"http:\/\/www.saltapatras.online\/#\/schema\/person\/ba188863f686d47242cbdcc48828c735","name":"David \u00c1lvarez","image":{"@type":"ImageObject","inLanguage":"es","@id":"https:\/\/www.saltapatras.online\/wp-content\/uploads\/2025\/09\/cropped-cropped-cropped-cropped-Logotipo-1.png","url":"https:\/\/www.saltapatras.online\/wp-content\/uploads\/2025\/09\/cropped-cropped-cropped-cropped-Logotipo-1.png","contentUrl":"https:\/\/www.saltapatras.online\/wp-content\/uploads\/2025\/09\/cropped-cropped-cropped-cropped-Logotipo-1.png","width":960,"height":282,"caption":"David \u00c1lvarez"},"logo":{"@id":"https:\/\/www.saltapatras.online\/wp-content\/uploads\/2025\/09\/cropped-cropped-cropped-cropped-Logotipo-1.png"},"description":"Soci\u00f3logo, periodista y gestor cultural. Dirige Proyecto Saltapatr\u00e1s. Estudia la maestr\u00eda en Derechos Humanos y Pol\u00edticas P\u00fablicas.","sameAs":["https:\/\/www.saltapatras.online","https:\/\/www.facebook.com\/davidalvarezv\/","https:\/\/x.com\/DavidAlv5"]},{"@type":"Person","@id":"http:\/\/www.saltapatras.online\/#\/schema\/person\/2c91d5328c38184e852e0ee571987a25","name":"Redacci\u00f3n","image":{"@type":"ImageObject","inLanguage":"es","@id":"https:\/\/www.saltapatras.online\/wp-content\/uploads\/2022\/07\/131232987_3664479996942607_7395439210558730337_n-150x150.png","url":"https:\/\/www.saltapatras.online\/wp-content\/uploads\/2022\/07\/131232987_3664479996942607_7395439210558730337_n-150x150.png","contentUrl":"https:\/\/www.saltapatras.online\/wp-content\/uploads\/2022\/07\/131232987_3664479996942607_7395439210558730337_n-150x150.png","caption":"Redacci\u00f3n"},"url":"https:\/\/www.saltapatras.online\/index.php\/author\/redaccion\/"}]}},"amp_enabled":true,"_links":{"self":[{"href":"https:\/\/www.saltapatras.online\/index.php\/wp-json\/wp\/v2\/posts\/6449","targetHints":{"allow":["GET"]}}],"collection":[{"href":"https:\/\/www.saltapatras.online\/index.php\/wp-json\/wp\/v2\/posts"}],"about":[{"href":"https:\/\/www.saltapatras.online\/index.php\/wp-json\/wp\/v2\/types\/post"}],"author":[{"embeddable":true,"href":"https:\/\/www.saltapatras.online\/index.php\/wp-json\/wp\/v2\/users\/23"}],"replies":[{"embeddable":true,"href":"https:\/\/www.saltapatras.online\/index.php\/wp-json\/wp\/v2\/comments?post=6449"}],"version-history":[{"count":3,"href":"https:\/\/www.saltapatras.online\/index.php\/wp-json\/wp\/v2\/posts\/6449\/revisions"}],"predecessor-version":[{"id":6456,"href":"https:\/\/www.saltapatras.online\/index.php\/wp-json\/wp\/v2\/posts\/6449\/revisions\/6456"}],"wp:featuredmedia":[{"embeddable":true,"href":"https:\/\/www.saltapatras.online\/index.php\/wp-json\/wp\/v2\/media\/6450"}],"wp:attachment":[{"href":"https:\/\/www.saltapatras.online\/index.php\/wp-json\/wp\/v2\/media?parent=6449"}],"wp:term":[{"taxonomy":"category","embeddable":true,"href":"https:\/\/www.saltapatras.online\/index.php\/wp-json\/wp\/v2\/categories?post=6449"},{"taxonomy":"post_tag","embeddable":true,"href":"https:\/\/www.saltapatras.online\/index.php\/wp-json\/wp\/v2\/tags?post=6449"}],"curies":[{"name":"wp","href":"https:\/\/api.w.org\/{rel}","templated":true}]}}