{"id":6458,"date":"2023-11-14T15:47:08","date_gmt":"2023-11-14T15:47:08","guid":{"rendered":"https:\/\/www.saltapatras.online\/?p=6458"},"modified":"2023-11-14T15:47:14","modified_gmt":"2023-11-14T15:47:14","slug":"periodistas-queretanos-demandan-acciones-tras-agresiones-de-la-poes","status":"publish","type":"post","link":"https:\/\/www.saltapatras.online\/index.php\/2023\/11\/14\/periodistas-queretanos-demandan-acciones-tras-agresiones-de-la-poes\/","title":{"rendered":"Periodistas queretanos demandan acciones tras agresiones de la POES"},"content":{"rendered":"\n<hr class=\"wp-block-separator has-alpha-channel-opacity is-style-wide\"\/>\n\n\n\n<p><strong>Fotograf\u00eda: Laura Santos<\/strong><\/p>\n\n\n\n<hr class=\"wp-block-separator has-alpha-channel-opacity is-style-wide\"\/>\n\n\n\n<div style=\"height:74px\" aria-hidden=\"true\" class=\"wp-block-spacer\"><\/div>\n\n\n\n<p class=\"has-drop-cap\">En una manifestaci\u00f3n de repudio hacia las agresiones sufridas por periodistas que cubr\u00edan el desalojo de habitantes de El Nabo, periodistas de Quer\u00e9taro se congregaron afuera del Palacio de Gobierno, en Plaza de Armas, para leer p\u00fablicamente un pronunciamiento. Este documento fue posteriormente entregado a la Secretar\u00eda de Gobierno.<\/p>\n\n\n\n<p>Las agresiones, perpetradas durante la noche del s\u00e1bado 11 de noviembre por elementos de la Secretar\u00eda de Seguridad Ciudadana, han generado una profunda preocupaci\u00f3n en la comunidad period\u00edstica del estado. Tres reporteros fueron objeto de actos violentos mientras cumpl\u00edan con su labor informativa, marcando un lamentable episodio que se suma a una serie de incidentes previos en los que periodistas han sido v\u00edctimas de agresiones f\u00edsicas y verbales, mayormente a manos de elementos policiales municipales y estatales.<\/p>\n\n\n\n<div style=\"height:29px\" aria-hidden=\"true\" class=\"wp-block-spacer\"><\/div>\n\n\n\n<figure class=\"wp-block-image size-large\"><img loading=\"lazy\" decoding=\"async\" width=\"1024\" height=\"682\" src=\"https:\/\/www.saltapatras.online\/wp-content\/uploads\/2023\/11\/WhatsApp-Image-2023-11-14-at-08.53.18-3-1024x682.jpeg\" alt=\"\" class=\"wp-image-6459\" srcset=\"https:\/\/www.saltapatras.online\/wp-content\/uploads\/2023\/11\/WhatsApp-Image-2023-11-14-at-08.53.18-3-1024x682.jpeg 1024w, https:\/\/www.saltapatras.online\/wp-content\/uploads\/2023\/11\/WhatsApp-Image-2023-11-14-at-08.53.18-3-300x200.jpeg 300w, https:\/\/www.saltapatras.online\/wp-content\/uploads\/2023\/11\/WhatsApp-Image-2023-11-14-at-08.53.18-3-768x512.jpeg 768w, https:\/\/www.saltapatras.online\/wp-content\/uploads\/2023\/11\/WhatsApp-Image-2023-11-14-at-08.53.18-3-1536x1023.jpeg 1536w, https:\/\/www.saltapatras.online\/wp-content\/uploads\/2023\/11\/WhatsApp-Image-2023-11-14-at-08.53.18-3.jpeg 1600w\" sizes=\"auto, (max-width: 1024px) 100vw, 1024px\" \/><\/figure>\n\n\n\n<div style=\"height:27px\" aria-hidden=\"true\" class=\"wp-block-spacer\"><\/div>\n\n\n\n<p>En el pronunciamiento, los periodistas expresaron su condena y preocupaci\u00f3n ante este patr\u00f3n recurrente de violencia, destacando que la libertad de expresi\u00f3n y el derecho a la informaci\u00f3n se ven constantemente amenazados en Quer\u00e9taro. Se hizo hincapi\u00e9 en la existencia de una censura velada que limita la publicaci\u00f3n de informaci\u00f3n que pudiera ir en contra de la imagen positiva del estado, resultando en agresiones y violencia contra los profesionales de la prensa.<\/p>\n\n\n\n<p>La situaci\u00f3n ha llevado a que 15 periodistas est\u00e9n inscritos en el Mecanismo de Protecci\u00f3n de Personas Defensoras de Derechos Humanos y Periodistas, un indicativo del riesgo al que se enfrentan quienes buscan informar de manera objetiva en el estado. Cabe resaltar que M\u00e9xico es considerado uno de los pa\u00edses m\u00e1s peligrosos para ejercer el periodismo, sumido en una crisis de violaci\u00f3n a los derechos humanos que afecta gravemente a la sociedad en general.<\/p>\n\n\n\n<div style=\"height:30px\" aria-hidden=\"true\" class=\"wp-block-spacer\"><\/div>\n\n\n\n<figure class=\"wp-block-image size-large\"><img loading=\"lazy\" decoding=\"async\" width=\"1024\" height=\"682\" src=\"https:\/\/www.saltapatras.online\/wp-content\/uploads\/2023\/11\/WhatsApp-Image-2023-11-14-at-08.53.18-2-1024x682.jpeg\" alt=\"\" class=\"wp-image-6460\" srcset=\"https:\/\/www.saltapatras.online\/wp-content\/uploads\/2023\/11\/WhatsApp-Image-2023-11-14-at-08.53.18-2-1024x682.jpeg 1024w, https:\/\/www.saltapatras.online\/wp-content\/uploads\/2023\/11\/WhatsApp-Image-2023-11-14-at-08.53.18-2-300x200.jpeg 300w, https:\/\/www.saltapatras.online\/wp-content\/uploads\/2023\/11\/WhatsApp-Image-2023-11-14-at-08.53.18-2-768x512.jpeg 768w, https:\/\/www.saltapatras.online\/wp-content\/uploads\/2023\/11\/WhatsApp-Image-2023-11-14-at-08.53.18-2-1536x1023.jpeg 1536w, https:\/\/www.saltapatras.online\/wp-content\/uploads\/2023\/11\/WhatsApp-Image-2023-11-14-at-08.53.18-2.jpeg 1600w\" sizes=\"auto, (max-width: 1024px) 100vw, 1024px\" \/><\/figure>\n\n\n\n<div style=\"height:31px\" aria-hidden=\"true\" class=\"wp-block-spacer\"><\/div>\n\n\n\n<p>Ante este panorama, los periodistas de Quer\u00e9taro han formulado una serie de exigencias. En primer lugar, demandan garant\u00edas y respeto a la libertad de expresi\u00f3n, transparencia y acceso a la informaci\u00f3n, no solo en palabras, sino con acciones concretas y tangibles. Asimismo, solicitan sanciones a los funcionarios p\u00fablicos y agentes del Estado responsables de las agresiones, junto con la reposici\u00f3n del equipo fotogr\u00e1fico da\u00f1ado durante el desalojo. Adem\u00e1s, piden la implementaci\u00f3n de medidas para prevenir la repetici\u00f3n de estos hechos y el fortalecimiento de los mecanismos de prevenci\u00f3n.<\/p>\n\n\n\n<p>Finalmente, se exige el avance en la Ley de Protecci\u00f3n a Periodistas, una iniciativa presentada por la diputada Beatriz Marmolejo Rojas, la cual ha sido detenida en el ejecutivo estatal. Esta ley busca establecer medidas que protejan la integridad, libertad y seguridad de quienes ejercen el periodismo en un entorno cada vez m\u00e1s hostil. La exigencia refleja la necesidad de acciones concretas para salvaguardar la labor fundamental de la prensa en la sociedad queretana.<\/p>\n\n\n\n<div style=\"height:34px\" aria-hidden=\"true\" class=\"wp-block-spacer\"><\/div>\n\n\n\n<figure class=\"wp-block-image size-large\"><img loading=\"lazy\" decoding=\"async\" width=\"1024\" height=\"682\" src=\"https:\/\/www.saltapatras.online\/wp-content\/uploads\/2023\/11\/WhatsApp-Image-2023-11-14-at-08.53.18-4-1024x682.jpeg\" alt=\"\" class=\"wp-image-6461\" srcset=\"https:\/\/www.saltapatras.online\/wp-content\/uploads\/2023\/11\/WhatsApp-Image-2023-11-14-at-08.53.18-4-1024x682.jpeg 1024w, https:\/\/www.saltapatras.online\/wp-content\/uploads\/2023\/11\/WhatsApp-Image-2023-11-14-at-08.53.18-4-300x200.jpeg 300w, https:\/\/www.saltapatras.online\/wp-content\/uploads\/2023\/11\/WhatsApp-Image-2023-11-14-at-08.53.18-4-768x512.jpeg 768w, https:\/\/www.saltapatras.online\/wp-content\/uploads\/2023\/11\/WhatsApp-Image-2023-11-14-at-08.53.18-4-1536x1023.jpeg 1536w, https:\/\/www.saltapatras.online\/wp-content\/uploads\/2023\/11\/WhatsApp-Image-2023-11-14-at-08.53.18-4.jpeg 1600w\" sizes=\"auto, (max-width: 1024px) 100vw, 1024px\" \/><\/figure>\n\n\n\n<div style=\"height:70px\" aria-hidden=\"true\" class=\"wp-block-spacer\"><\/div>\n","protected":false},"excerpt":{"rendered":"<p>En una manifestaci\u00f3n de repudio hacia las agresiones sufridas por periodistas que cubr\u00edan el desalojo de habitantes de El Nabo.<\/p>\n","protected":false},"author":2,"featured_media":6462,"comment_status":"open","ping_status":"open","sticky":false,"template":"","format":"standard","meta":{"footnotes":""},"categories":[213],"tags":[],"class_list":["post-6458","post","type-post","status-publish","format-standard","has-post-thumbnail","hentry","category-noticias"],"yoast_head":"<!-- This site is optimized with the Yoast SEO plugin v27.4 - https:\/\/yoast.com\/product\/yoast-seo-wordpress\/ -->\n<title>Periodistas queretanos demandan acciones tras agresiones de la POES - Proyecto Saltapatr\u00e1s<\/title>\n<meta name=\"robots\" content=\"noindex, follow, max-snippet:-1, max-image-preview:large, max-video-preview:-1\" \/>\n<meta name=\"twitter:card\" content=\"summary_large_image\" \/>\n<meta name=\"twitter:title\" content=\"Periodistas queretanos demandan acciones tras agresiones de la POES - Proyecto Saltapatr\u00e1s\" \/>\n<meta name=\"twitter:description\" content=\"En una manifestaci\u00f3n de repudio hacia las agresiones sufridas por periodistas que cubr\u00edan el desalojo de habitantes de El Nabo.\" \/>\n<meta name=\"twitter:image\" content=\"https:\/\/www.saltapatras.online\/wp-content\/uploads\/2023\/11\/WhatsApp-Image-2023-11-14-at-08.50.44.jpeg\" \/>\n<meta name=\"twitter:creator\" content=\"@DavidAlv5\" \/>\n<meta name=\"twitter:site\" content=\"@DavidAlv5\" \/>\n<meta name=\"twitter:label1\" content=\"Escrito por\" \/>\n\t<meta name=\"twitter:data1\" content=\"David \u00c1lvarez\" \/>\n\t<meta name=\"twitter:label2\" content=\"Tiempo de lectura\" \/>\n\t<meta name=\"twitter:data2\" content=\"3 minutos\" \/>\n<script type=\"application\/ld+json\" class=\"yoast-schema-graph\">{\"@context\":\"https:\\\/\\\/schema.org\",\"@graph\":[{\"@type\":\"Article\",\"@id\":\"https:\\\/\\\/www.saltapatras.online\\\/index.php\\\/2023\\\/11\\\/14\\\/periodistas-queretanos-demandan-acciones-tras-agresiones-de-la-poes\\\/#article\",\"isPartOf\":{\"@id\":\"https:\\\/\\\/www.saltapatras.online\\\/index.php\\\/2023\\\/11\\\/14\\\/periodistas-queretanos-demandan-acciones-tras-agresiones-de-la-poes\\\/\"},\"author\":{\"name\":\"David \u00c1lvarez\",\"@id\":\"https:\\\/\\\/www.saltapatras.online\\\/#\\\/schema\\\/person\\\/ba188863f686d47242cbdcc48828c735\"},\"headline\":\"Periodistas queretanos demandan acciones tras agresiones de la POES\",\"datePublished\":\"2023-11-14T15:47:08+00:00\",\"dateModified\":\"2023-11-14T15:47:14+00:00\",\"mainEntityOfPage\":{\"@id\":\"https:\\\/\\\/www.saltapatras.online\\\/index.php\\\/2023\\\/11\\\/14\\\/periodistas-queretanos-demandan-acciones-tras-agresiones-de-la-poes\\\/\"},\"wordCount\":485,\"commentCount\":0,\"publisher\":{\"@id\":\"https:\\\/\\\/www.saltapatras.online\\\/#\\\/schema\\\/person\\\/ba188863f686d47242cbdcc48828c735\"},\"image\":{\"@id\":\"https:\\\/\\\/www.saltapatras.online\\\/index.php\\\/2023\\\/11\\\/14\\\/periodistas-queretanos-demandan-acciones-tras-agresiones-de-la-poes\\\/#primaryimage\"},\"thumbnailUrl\":\"https:\\\/\\\/www.saltapatras.online\\\/wp-content\\\/uploads\\\/2023\\\/11\\\/WhatsApp-Image-2023-11-14-at-08.50.44.jpeg\",\"articleSection\":[\"Noticias\"],\"inLanguage\":\"es\",\"potentialAction\":[{\"@type\":\"CommentAction\",\"name\":\"Comment\",\"target\":[\"https:\\\/\\\/www.saltapatras.online\\\/index.php\\\/2023\\\/11\\\/14\\\/periodistas-queretanos-demandan-acciones-tras-agresiones-de-la-poes\\\/#respond\"]}]},{\"@type\":\"WebPage\",\"@id\":\"https:\\\/\\\/www.saltapatras.online\\\/index.php\\\/2023\\\/11\\\/14\\\/periodistas-queretanos-demandan-acciones-tras-agresiones-de-la-poes\\\/\",\"url\":\"https:\\\/\\\/www.saltapatras.online\\\/index.php\\\/2023\\\/11\\\/14\\\/periodistas-queretanos-demandan-acciones-tras-agresiones-de-la-poes\\\/\",\"name\":\"Periodistas queretanos demandan acciones tras agresiones de la POES - Proyecto Saltapatr\u00e1s\",\"isPartOf\":{\"@id\":\"https:\\\/\\\/www.saltapatras.online\\\/#website\"},\"primaryImageOfPage\":{\"@id\":\"https:\\\/\\\/www.saltapatras.online\\\/index.php\\\/2023\\\/11\\\/14\\\/periodistas-queretanos-demandan-acciones-tras-agresiones-de-la-poes\\\/#primaryimage\"},\"image\":{\"@id\":\"https:\\\/\\\/www.saltapatras.online\\\/index.php\\\/2023\\\/11\\\/14\\\/periodistas-queretanos-demandan-acciones-tras-agresiones-de-la-poes\\\/#primaryimage\"},\"thumbnailUrl\":\"https:\\\/\\\/www.saltapatras.online\\\/wp-content\\\/uploads\\\/2023\\\/11\\\/WhatsApp-Image-2023-11-14-at-08.50.44.jpeg\",\"datePublished\":\"2023-11-14T15:47:08+00:00\",\"dateModified\":\"2023-11-14T15:47:14+00:00\",\"breadcrumb\":{\"@id\":\"https:\\\/\\\/www.saltapatras.online\\\/index.php\\\/2023\\\/11\\\/14\\\/periodistas-queretanos-demandan-acciones-tras-agresiones-de-la-poes\\\/#breadcrumb\"},\"inLanguage\":\"es\",\"potentialAction\":[{\"@type\":\"ReadAction\",\"target\":[\"https:\\\/\\\/www.saltapatras.online\\\/index.php\\\/2023\\\/11\\\/14\\\/periodistas-queretanos-demandan-acciones-tras-agresiones-de-la-poes\\\/\"]}]},{\"@type\":\"ImageObject\",\"inLanguage\":\"es\",\"@id\":\"https:\\\/\\\/www.saltapatras.online\\\/index.php\\\/2023\\\/11\\\/14\\\/periodistas-queretanos-demandan-acciones-tras-agresiones-de-la-poes\\\/#primaryimage\",\"url\":\"https:\\\/\\\/www.saltapatras.online\\\/wp-content\\\/uploads\\\/2023\\\/11\\\/WhatsApp-Image-2023-11-14-at-08.50.44.jpeg\",\"contentUrl\":\"https:\\\/\\\/www.saltapatras.online\\\/wp-content\\\/uploads\\\/2023\\\/11\\\/WhatsApp-Image-2023-11-14-at-08.50.44.jpeg\",\"width\":1600,\"height\":1066},{\"@type\":\"BreadcrumbList\",\"@id\":\"https:\\\/\\\/www.saltapatras.online\\\/index.php\\\/2023\\\/11\\\/14\\\/periodistas-queretanos-demandan-acciones-tras-agresiones-de-la-poes\\\/#breadcrumb\",\"itemListElement\":[{\"@type\":\"ListItem\",\"position\":1,\"name\":\"Portada\",\"item\":\"https:\\\/\\\/www.saltapatras.online\\\/\"},{\"@type\":\"ListItem\",\"position\":2,\"name\":\"Periodistas queretanos demandan acciones tras agresiones de la POES\"}]},{\"@type\":\"WebSite\",\"@id\":\"https:\\\/\\\/www.saltapatras.online\\\/#website\",\"url\":\"https:\\\/\\\/www.saltapatras.online\\\/\",\"name\":\"Saltapatr\u00e1s\",\"description\":\"Proyecto Saltapatr\u00e1s es un medio independiente de periodismo, an\u00e1lisis y divulgaci\u00f3n cultural.\",\"publisher\":{\"@id\":\"https:\\\/\\\/www.saltapatras.online\\\/#\\\/schema\\\/person\\\/ba188863f686d47242cbdcc48828c735\"},\"potentialAction\":[{\"@type\":\"SearchAction\",\"target\":{\"@type\":\"EntryPoint\",\"urlTemplate\":\"https:\\\/\\\/www.saltapatras.online\\\/?s={search_term_string}\"},\"query-input\":{\"@type\":\"PropertyValueSpecification\",\"valueRequired\":true,\"valueName\":\"search_term_string\"}}],\"inLanguage\":\"es\"},{\"@type\":[\"Person\",\"Organization\"],\"@id\":\"https:\\\/\\\/www.saltapatras.online\\\/#\\\/schema\\\/person\\\/ba188863f686d47242cbdcc48828c735\",\"name\":\"David \u00c1lvarez\",\"image\":{\"@type\":\"ImageObject\",\"inLanguage\":\"es\",\"@id\":\"https:\\\/\\\/www.saltapatras.online\\\/wp-content\\\/uploads\\\/2025\\\/09\\\/cropped-cropped-cropped-cropped-Logotipo-1.png\",\"url\":\"https:\\\/\\\/www.saltapatras.online\\\/wp-content\\\/uploads\\\/2025\\\/09\\\/cropped-cropped-cropped-cropped-Logotipo-1.png\",\"contentUrl\":\"https:\\\/\\\/www.saltapatras.online\\\/wp-content\\\/uploads\\\/2025\\\/09\\\/cropped-cropped-cropped-cropped-Logotipo-1.png\",\"width\":960,\"height\":282,\"caption\":\"David \u00c1lvarez\"},\"logo\":{\"@id\":\"https:\\\/\\\/www.saltapatras.online\\\/wp-content\\\/uploads\\\/2025\\\/09\\\/cropped-cropped-cropped-cropped-Logotipo-1.png\"},\"description\":\"Soci\u00f3logo, periodista y gestor cultural. Dirige Proyecto Saltapatr\u00e1s. Estudia la maestr\u00eda en Derechos Humanos y Pol\u00edticas P\u00fablicas.\",\"sameAs\":[\"https:\\\/\\\/www.saltapatras.online\",\"https:\\\/\\\/www.facebook.com\\\/davidalvarezv\\\/\",\"https:\\\/\\\/x.com\\\/DavidAlv5\"],\"url\":\"https:\\\/\\\/www.saltapatras.online\\\/index.php\\\/author\\\/david-alvarez\\\/\"}]}<\/script>\n<!-- \/ Yoast SEO plugin. -->","yoast_head_json":{"title":"Periodistas queretanos demandan acciones tras agresiones de la POES - Proyecto Saltapatr\u00e1s","robots":{"index":"noindex","follow":"follow","max-snippet":"max-snippet:-1","max-image-preview":"max-image-preview:large","max-video-preview":"max-video-preview:-1"},"twitter_card":"summary_large_image","twitter_title":"Periodistas queretanos demandan acciones tras agresiones de la POES - Proyecto Saltapatr\u00e1s","twitter_description":"En una manifestaci\u00f3n de repudio hacia las agresiones sufridas por periodistas que cubr\u00edan el desalojo de habitantes de El Nabo.","twitter_image":"https:\/\/www.saltapatras.online\/wp-content\/uploads\/2023\/11\/WhatsApp-Image-2023-11-14-at-08.50.44.jpeg","twitter_creator":"@DavidAlv5","twitter_site":"@DavidAlv5","twitter_misc":{"Escrito por":"David \u00c1lvarez","Tiempo de lectura":"3 minutos"},"schema":{"@context":"https:\/\/schema.org","@graph":[{"@type":"Article","@id":"https:\/\/www.saltapatras.online\/index.php\/2023\/11\/14\/periodistas-queretanos-demandan-acciones-tras-agresiones-de-la-poes\/#article","isPartOf":{"@id":"https:\/\/www.saltapatras.online\/index.php\/2023\/11\/14\/periodistas-queretanos-demandan-acciones-tras-agresiones-de-la-poes\/"},"author":{"name":"David \u00c1lvarez","@id":"https:\/\/www.saltapatras.online\/#\/schema\/person\/ba188863f686d47242cbdcc48828c735"},"headline":"Periodistas queretanos demandan acciones tras agresiones de la POES","datePublished":"2023-11-14T15:47:08+00:00","dateModified":"2023-11-14T15:47:14+00:00","mainEntityOfPage":{"@id":"https:\/\/www.saltapatras.online\/index.php\/2023\/11\/14\/periodistas-queretanos-demandan-acciones-tras-agresiones-de-la-poes\/"},"wordCount":485,"commentCount":0,"publisher":{"@id":"https:\/\/www.saltapatras.online\/#\/schema\/person\/ba188863f686d47242cbdcc48828c735"},"image":{"@id":"https:\/\/www.saltapatras.online\/index.php\/2023\/11\/14\/periodistas-queretanos-demandan-acciones-tras-agresiones-de-la-poes\/#primaryimage"},"thumbnailUrl":"https:\/\/www.saltapatras.online\/wp-content\/uploads\/2023\/11\/WhatsApp-Image-2023-11-14-at-08.50.44.jpeg","articleSection":["Noticias"],"inLanguage":"es","potentialAction":[{"@type":"CommentAction","name":"Comment","target":["https:\/\/www.saltapatras.online\/index.php\/2023\/11\/14\/periodistas-queretanos-demandan-acciones-tras-agresiones-de-la-poes\/#respond"]}]},{"@type":"WebPage","@id":"https:\/\/www.saltapatras.online\/index.php\/2023\/11\/14\/periodistas-queretanos-demandan-acciones-tras-agresiones-de-la-poes\/","url":"https:\/\/www.saltapatras.online\/index.php\/2023\/11\/14\/periodistas-queretanos-demandan-acciones-tras-agresiones-de-la-poes\/","name":"Periodistas queretanos demandan acciones tras agresiones de la POES - Proyecto Saltapatr\u00e1s","isPartOf":{"@id":"https:\/\/www.saltapatras.online\/#website"},"primaryImageOfPage":{"@id":"https:\/\/www.saltapatras.online\/index.php\/2023\/11\/14\/periodistas-queretanos-demandan-acciones-tras-agresiones-de-la-poes\/#primaryimage"},"image":{"@id":"https:\/\/www.saltapatras.online\/index.php\/2023\/11\/14\/periodistas-queretanos-demandan-acciones-tras-agresiones-de-la-poes\/#primaryimage"},"thumbnailUrl":"https:\/\/www.saltapatras.online\/wp-content\/uploads\/2023\/11\/WhatsApp-Image-2023-11-14-at-08.50.44.jpeg","datePublished":"2023-11-14T15:47:08+00:00","dateModified":"2023-11-14T15:47:14+00:00","breadcrumb":{"@id":"https:\/\/www.saltapatras.online\/index.php\/2023\/11\/14\/periodistas-queretanos-demandan-acciones-tras-agresiones-de-la-poes\/#breadcrumb"},"inLanguage":"es","potentialAction":[{"@type":"ReadAction","target":["https:\/\/www.saltapatras.online\/index.php\/2023\/11\/14\/periodistas-queretanos-demandan-acciones-tras-agresiones-de-la-poes\/"]}]},{"@type":"ImageObject","inLanguage":"es","@id":"https:\/\/www.saltapatras.online\/index.php\/2023\/11\/14\/periodistas-queretanos-demandan-acciones-tras-agresiones-de-la-poes\/#primaryimage","url":"https:\/\/www.saltapatras.online\/wp-content\/uploads\/2023\/11\/WhatsApp-Image-2023-11-14-at-08.50.44.jpeg","contentUrl":"https:\/\/www.saltapatras.online\/wp-content\/uploads\/2023\/11\/WhatsApp-Image-2023-11-14-at-08.50.44.jpeg","width":1600,"height":1066},{"@type":"BreadcrumbList","@id":"https:\/\/www.saltapatras.online\/index.php\/2023\/11\/14\/periodistas-queretanos-demandan-acciones-tras-agresiones-de-la-poes\/#breadcrumb","itemListElement":[{"@type":"ListItem","position":1,"name":"Portada","item":"https:\/\/www.saltapatras.online\/"},{"@type":"ListItem","position":2,"name":"Periodistas queretanos demandan acciones tras agresiones de la POES"}]},{"@type":"WebSite","@id":"https:\/\/www.saltapatras.online\/#website","url":"https:\/\/www.saltapatras.online\/","name":"Saltapatr\u00e1s","description":"Proyecto Saltapatr\u00e1s es un medio independiente de periodismo, an\u00e1lisis y divulgaci\u00f3n cultural.","publisher":{"@id":"https:\/\/www.saltapatras.online\/#\/schema\/person\/ba188863f686d47242cbdcc48828c735"},"potentialAction":[{"@type":"SearchAction","target":{"@type":"EntryPoint","urlTemplate":"https:\/\/www.saltapatras.online\/?s={search_term_string}"},"query-input":{"@type":"PropertyValueSpecification","valueRequired":true,"valueName":"search_term_string"}}],"inLanguage":"es"},{"@type":["Person","Organization"],"@id":"https:\/\/www.saltapatras.online\/#\/schema\/person\/ba188863f686d47242cbdcc48828c735","name":"David \u00c1lvarez","image":{"@type":"ImageObject","inLanguage":"es","@id":"https:\/\/www.saltapatras.online\/wp-content\/uploads\/2025\/09\/cropped-cropped-cropped-cropped-Logotipo-1.png","url":"https:\/\/www.saltapatras.online\/wp-content\/uploads\/2025\/09\/cropped-cropped-cropped-cropped-Logotipo-1.png","contentUrl":"https:\/\/www.saltapatras.online\/wp-content\/uploads\/2025\/09\/cropped-cropped-cropped-cropped-Logotipo-1.png","width":960,"height":282,"caption":"David \u00c1lvarez"},"logo":{"@id":"https:\/\/www.saltapatras.online\/wp-content\/uploads\/2025\/09\/cropped-cropped-cropped-cropped-Logotipo-1.png"},"description":"Soci\u00f3logo, periodista y gestor cultural. Dirige Proyecto Saltapatr\u00e1s. Estudia la maestr\u00eda en Derechos Humanos y Pol\u00edticas P\u00fablicas.","sameAs":["https:\/\/www.saltapatras.online","https:\/\/www.facebook.com\/davidalvarezv\/","https:\/\/x.com\/DavidAlv5"],"url":"https:\/\/www.saltapatras.online\/index.php\/author\/david-alvarez\/"}]}},"amp_enabled":true,"_links":{"self":[{"href":"https:\/\/www.saltapatras.online\/index.php\/wp-json\/wp\/v2\/posts\/6458","targetHints":{"allow":["GET"]}}],"collection":[{"href":"https:\/\/www.saltapatras.online\/index.php\/wp-json\/wp\/v2\/posts"}],"about":[{"href":"https:\/\/www.saltapatras.online\/index.php\/wp-json\/wp\/v2\/types\/post"}],"author":[{"embeddable":true,"href":"https:\/\/www.saltapatras.online\/index.php\/wp-json\/wp\/v2\/users\/2"}],"replies":[{"embeddable":true,"href":"https:\/\/www.saltapatras.online\/index.php\/wp-json\/wp\/v2\/comments?post=6458"}],"version-history":[{"count":1,"href":"https:\/\/www.saltapatras.online\/index.php\/wp-json\/wp\/v2\/posts\/6458\/revisions"}],"predecessor-version":[{"id":6463,"href":"https:\/\/www.saltapatras.online\/index.php\/wp-json\/wp\/v2\/posts\/6458\/revisions\/6463"}],"wp:featuredmedia":[{"embeddable":true,"href":"https:\/\/www.saltapatras.online\/index.php\/wp-json\/wp\/v2\/media\/6462"}],"wp:attachment":[{"href":"https:\/\/www.saltapatras.online\/index.php\/wp-json\/wp\/v2\/media?parent=6458"}],"wp:term":[{"taxonomy":"category","embeddable":true,"href":"https:\/\/www.saltapatras.online\/index.php\/wp-json\/wp\/v2\/categories?post=6458"},{"taxonomy":"post_tag","embeddable":true,"href":"https:\/\/www.saltapatras.online\/index.php\/wp-json\/wp\/v2\/tags?post=6458"}],"curies":[{"name":"wp","href":"https:\/\/api.w.org\/{rel}","templated":true}]}}