{"id":6494,"date":"2023-11-17T14:59:59","date_gmt":"2023-11-17T14:59:59","guid":{"rendered":"https:\/\/www.saltapatras.online\/?p=6494"},"modified":"2023-11-17T15:00:02","modified_gmt":"2023-11-17T15:00:02","slug":"arropamiento-sonoro-foley-como-metafora-de-la-potencia-poetica","status":"publish","type":"post","link":"https:\/\/www.saltapatras.online\/index.php\/2023\/11\/17\/arropamiento-sonoro-foley-como-metafora-de-la-potencia-poetica\/","title":{"rendered":"Arropamiento sonoro: \u201cFoley\u201d como met\u00e1fora de la potencia po\u00e9tica"},"content":{"rendered":"\n<hr class=\"wp-block-separator has-alpha-channel-opacity is-style-wide\"\/>\n\n\n\n<div style=\"height:72px\" aria-hidden=\"true\" class=\"wp-block-spacer\"><\/div>\n\n\n\n<p class=\"has-drop-cap\">Imagina que enciendes una televisi\u00f3n vieja. \u00c9sta a\u00fan posee profundidad por su funcionamiento de rayos cat\u00f3dicos que se estrellan con la pantalla, que no es plana, sino oblicua. Sin embargo, est\u00e1 en el canal 3, que carece de uso comercial. As\u00ed que solo pixeles blancos y negros que, arrastrados por el azar, dan brincos de oscuridad y luz.<\/p>\n\n\n\n<div style=\"height:28px\" aria-hidden=\"true\" class=\"wp-block-spacer\"><\/div>\n\n\n\n<p class=\"has-text-align-right\"><strong>Ruido blanco<\/strong><\/p>\n\n\n\n<p>\u201cEl ruido blanco es aquel que se presenta de manera aleatoria en los datos de la medici\u00f3n hechos por alg\u00fan dispositivo\u201d, me cuenta el doctor Luis Miguel Contreras, que como parte de sus investigaciones estudia el efecto de ondas ac\u00fasticas en plantas.&nbsp; Para nuestro ejemplo inicial, pensemos que el dispositivo que menciona Luis es un televisor que emite sonido e imagen del ruido blanco debido a la carencia de se\u00f1ales fuertes que se impongan sobre el ruido, como pasar\u00eda en cualquier canal concesionado.&nbsp;<\/p>\n\n\n\n<p>Luego, el ruido blanco es una suerte de lienzo en el que se depositan otras se\u00f1ales fuertes, pero que siempre est\u00e1 presente. Se vuelve cotidiano y pasa desapercibido.\u00a0<\/p>\n\n\n\n<div style=\"height:33px\" aria-hidden=\"true\" class=\"wp-block-spacer\"><\/div>\n\n\n\n<p class=\"has-text-align-right\"><em><strong>Come back<\/strong><\/em><\/p>\n\n\n\n<p>Lo que entiendo de la obra de la artista visual M\u00f3nica Espinosa, es la imperativa necesidad de poner atenci\u00f3n al plano de fondo donde se encuentra la cotidianidad; porque indagar en ello es hacer \u201cmenos mundo\u201d para que las potencias po\u00e9ticas emerjan. Para ella, ah\u00ed se encuentra el motor del mundo y lo representa en <em>Come back<\/em>, obra que se encuentra en sus \u00faltimos d\u00edas de exhibici\u00f3n en el Museo de la Ciudad, en el centro de Quer\u00e9taro.\u00a0<\/p>\n\n\n\n<p>\u201c<em>Come back<\/em> es ponerle atenci\u00f3n a lo que est\u00e1 detr\u00e1s\u2026 [es la] vista de algo muy cotidiano pero lo que me interesa es lo que pasa detr\u00e1s de esa vista, que en este caso es el sonido\u201d, relata M\u00f3nica.<\/p>\n\n\n\n<p>Ella trabaja con el efecto Foley que es la recreaci\u00f3n o generaci\u00f3n de sonido para representar lo que sucede en pantalla, que en su caso y en sus palabras son \u201cescenas muy cotidianas donde no pasa nada y todo es muy insignificante\u201d. Es en donde la artista ha encontrado que emerge la potencia po\u00e9tica en la que genera un arropamiento sonoro con Foley con su propio cuerpo en un v\u00eddeo performance, brindando una suerte de abrazo a lo cotidiano.\u00a0<\/p>\n\n\n\n<div style=\"height:32px\" aria-hidden=\"true\" class=\"wp-block-spacer\"><\/div>\n\n\n\n<p class=\"has-text-align-right\"><strong>Ruido blanco, pantalla negra<\/strong><\/p>\n\n\n\n<p>\u201cMenos mundo\u201d en el que algunas personas acuden para relajarse, lograr concentraci\u00f3n e incluso, dormir pl\u00e1cidamente. Para escribir este texto me sumerg\u00ed en el ruido blanco con pantalla negra, en un <a href=\"https:\/\/youtu.be\/nMfPqeZjc2c?si=ao3P1A5c817MPIvt\" target=\"_blank\" rel=\"noreferrer noopener\">v\u00eddeo que dura diez horas en YouTube<\/a> y que tiene 199 millones de visualizaciones desde que fue publicado, hace 5 a\u00f1os.\u00a0<\/p>\n\n\n\n<div style=\"height:68px\" aria-hidden=\"true\" class=\"wp-block-spacer\"><\/div>\n","protected":false},"excerpt":{"rendered":"<p>Imagina que enciendes una televisi\u00f3n vieja. \u00c9sta a\u00fan posee profundidad por su funcionamiento de rayos cat\u00f3dicos.<\/p>\n","protected":false},"author":28,"featured_media":6362,"comment_status":"open","ping_status":"open","sticky":false,"template":"","format":"standard","meta":{"footnotes":""},"categories":[296],"tags":[],"class_list":["post-6494","post","type-post","status-publish","format-standard","has-post-thumbnail","hentry","category-modos-de-ver"],"yoast_head":"<!-- This site is optimized with the Yoast SEO plugin v27.4 - https:\/\/yoast.com\/product\/yoast-seo-wordpress\/ -->\n<title>Arropamiento sonoro: \u201cFoley\u201d como met\u00e1fora de la potencia po\u00e9tica - Proyecto Saltapatr\u00e1s<\/title>\n<meta name=\"robots\" content=\"noindex, follow, max-snippet:-1, max-image-preview:large, max-video-preview:-1\" \/>\n<meta name=\"twitter:card\" content=\"summary_large_image\" \/>\n<meta name=\"twitter:title\" content=\"Arropamiento sonoro: \u201cFoley\u201d como met\u00e1fora de la potencia po\u00e9tica - Proyecto Saltapatr\u00e1s\" \/>\n<meta name=\"twitter:description\" content=\"Imagina que enciendes una televisi\u00f3n vieja. \u00c9sta a\u00fan posee profundidad por su funcionamiento de rayos cat\u00f3dicos.\" \/>\n<meta name=\"twitter:image\" content=\"https:\/\/www.saltapatras.online\/wp-content\/uploads\/2023\/10\/Naranja-y-Crema-Restaurantes-Reapertura-Comercial-Horizontal-Volante.png\" \/>\n<meta name=\"twitter:site\" content=\"@DavidAlv5\" \/>\n<meta name=\"twitter:label1\" content=\"Escrito por\" \/>\n\t<meta name=\"twitter:data1\" content=\"Christopher Cedillo\" \/>\n\t<meta name=\"twitter:label2\" content=\"Tiempo de lectura\" \/>\n\t<meta name=\"twitter:data2\" content=\"2 minutos\" \/>\n<script type=\"application\/ld+json\" class=\"yoast-schema-graph\">{\"@context\":\"https:\\\/\\\/schema.org\",\"@graph\":[{\"@type\":\"Article\",\"@id\":\"https:\\\/\\\/www.saltapatras.online\\\/index.php\\\/2023\\\/11\\\/17\\\/arropamiento-sonoro-foley-como-metafora-de-la-potencia-poetica\\\/#article\",\"isPartOf\":{\"@id\":\"https:\\\/\\\/www.saltapatras.online\\\/index.php\\\/2023\\\/11\\\/17\\\/arropamiento-sonoro-foley-como-metafora-de-la-potencia-poetica\\\/\"},\"author\":{\"name\":\"Christopher Cedillo\",\"@id\":\"http:\\\/\\\/www.saltapatras.online\\\/#\\\/schema\\\/person\\\/f562796047d702a45d10573bc383ca6f\"},\"headline\":\"Arropamiento sonoro: \u201cFoley\u201d como met\u00e1fora de la potencia po\u00e9tica\",\"datePublished\":\"2023-11-17T14:59:59+00:00\",\"dateModified\":\"2023-11-17T15:00:02+00:00\",\"mainEntityOfPage\":{\"@id\":\"https:\\\/\\\/www.saltapatras.online\\\/index.php\\\/2023\\\/11\\\/17\\\/arropamiento-sonoro-foley-como-metafora-de-la-potencia-poetica\\\/\"},\"wordCount\":462,\"commentCount\":0,\"publisher\":{\"@id\":\"http:\\\/\\\/www.saltapatras.online\\\/#\\\/schema\\\/person\\\/ba188863f686d47242cbdcc48828c735\"},\"image\":{\"@id\":\"https:\\\/\\\/www.saltapatras.online\\\/index.php\\\/2023\\\/11\\\/17\\\/arropamiento-sonoro-foley-como-metafora-de-la-potencia-poetica\\\/#primaryimage\"},\"thumbnailUrl\":\"https:\\\/\\\/www.saltapatras.online\\\/wp-content\\\/uploads\\\/2023\\\/10\\\/Naranja-y-Crema-Restaurantes-Reapertura-Comercial-Horizontal-Volante.png\",\"articleSection\":[\"Modos de ver\"],\"inLanguage\":\"es\",\"potentialAction\":[{\"@type\":\"CommentAction\",\"name\":\"Comment\",\"target\":[\"https:\\\/\\\/www.saltapatras.online\\\/index.php\\\/2023\\\/11\\\/17\\\/arropamiento-sonoro-foley-como-metafora-de-la-potencia-poetica\\\/#respond\"]}]},{\"@type\":\"WebPage\",\"@id\":\"https:\\\/\\\/www.saltapatras.online\\\/index.php\\\/2023\\\/11\\\/17\\\/arropamiento-sonoro-foley-como-metafora-de-la-potencia-poetica\\\/\",\"url\":\"https:\\\/\\\/www.saltapatras.online\\\/index.php\\\/2023\\\/11\\\/17\\\/arropamiento-sonoro-foley-como-metafora-de-la-potencia-poetica\\\/\",\"name\":\"Arropamiento sonoro: \u201cFoley\u201d como met\u00e1fora de la potencia po\u00e9tica - Proyecto Saltapatr\u00e1s\",\"isPartOf\":{\"@id\":\"http:\\\/\\\/www.saltapatras.online\\\/#website\"},\"primaryImageOfPage\":{\"@id\":\"https:\\\/\\\/www.saltapatras.online\\\/index.php\\\/2023\\\/11\\\/17\\\/arropamiento-sonoro-foley-como-metafora-de-la-potencia-poetica\\\/#primaryimage\"},\"image\":{\"@id\":\"https:\\\/\\\/www.saltapatras.online\\\/index.php\\\/2023\\\/11\\\/17\\\/arropamiento-sonoro-foley-como-metafora-de-la-potencia-poetica\\\/#primaryimage\"},\"thumbnailUrl\":\"https:\\\/\\\/www.saltapatras.online\\\/wp-content\\\/uploads\\\/2023\\\/10\\\/Naranja-y-Crema-Restaurantes-Reapertura-Comercial-Horizontal-Volante.png\",\"datePublished\":\"2023-11-17T14:59:59+00:00\",\"dateModified\":\"2023-11-17T15:00:02+00:00\",\"breadcrumb\":{\"@id\":\"https:\\\/\\\/www.saltapatras.online\\\/index.php\\\/2023\\\/11\\\/17\\\/arropamiento-sonoro-foley-como-metafora-de-la-potencia-poetica\\\/#breadcrumb\"},\"inLanguage\":\"es\",\"potentialAction\":[{\"@type\":\"ReadAction\",\"target\":[\"https:\\\/\\\/www.saltapatras.online\\\/index.php\\\/2023\\\/11\\\/17\\\/arropamiento-sonoro-foley-como-metafora-de-la-potencia-poetica\\\/\"]}]},{\"@type\":\"ImageObject\",\"inLanguage\":\"es\",\"@id\":\"https:\\\/\\\/www.saltapatras.online\\\/index.php\\\/2023\\\/11\\\/17\\\/arropamiento-sonoro-foley-como-metafora-de-la-potencia-poetica\\\/#primaryimage\",\"url\":\"https:\\\/\\\/www.saltapatras.online\\\/wp-content\\\/uploads\\\/2023\\\/10\\\/Naranja-y-Crema-Restaurantes-Reapertura-Comercial-Horizontal-Volante.png\",\"contentUrl\":\"https:\\\/\\\/www.saltapatras.online\\\/wp-content\\\/uploads\\\/2023\\\/10\\\/Naranja-y-Crema-Restaurantes-Reapertura-Comercial-Horizontal-Volante.png\",\"width\":2000,\"height\":1294},{\"@type\":\"BreadcrumbList\",\"@id\":\"https:\\\/\\\/www.saltapatras.online\\\/index.php\\\/2023\\\/11\\\/17\\\/arropamiento-sonoro-foley-como-metafora-de-la-potencia-poetica\\\/#breadcrumb\",\"itemListElement\":[{\"@type\":\"ListItem\",\"position\":1,\"name\":\"Portada\",\"item\":\"http:\\\/\\\/www.saltapatras.online\\\/\"},{\"@type\":\"ListItem\",\"position\":2,\"name\":\"Arropamiento sonoro: \u201cFoley\u201d como met\u00e1fora de la potencia po\u00e9tica\"}]},{\"@type\":\"WebSite\",\"@id\":\"http:\\\/\\\/www.saltapatras.online\\\/#website\",\"url\":\"http:\\\/\\\/www.saltapatras.online\\\/\",\"name\":\"Saltapatr\u00e1s\",\"description\":\"Proyecto Saltapatr\u00e1s es un medio independiente de periodismo, an\u00e1lisis y divulgaci\u00f3n cultural.\",\"publisher\":{\"@id\":\"http:\\\/\\\/www.saltapatras.online\\\/#\\\/schema\\\/person\\\/ba188863f686d47242cbdcc48828c735\"},\"potentialAction\":[{\"@type\":\"SearchAction\",\"target\":{\"@type\":\"EntryPoint\",\"urlTemplate\":\"http:\\\/\\\/www.saltapatras.online\\\/?s={search_term_string}\"},\"query-input\":{\"@type\":\"PropertyValueSpecification\",\"valueRequired\":true,\"valueName\":\"search_term_string\"}}],\"inLanguage\":\"es\"},{\"@type\":[\"Person\",\"Organization\"],\"@id\":\"http:\\\/\\\/www.saltapatras.online\\\/#\\\/schema\\\/person\\\/ba188863f686d47242cbdcc48828c735\",\"name\":\"David \u00c1lvarez\",\"image\":{\"@type\":\"ImageObject\",\"inLanguage\":\"es\",\"@id\":\"https:\\\/\\\/www.saltapatras.online\\\/wp-content\\\/uploads\\\/2025\\\/09\\\/cropped-cropped-cropped-cropped-Logotipo-1.png\",\"url\":\"https:\\\/\\\/www.saltapatras.online\\\/wp-content\\\/uploads\\\/2025\\\/09\\\/cropped-cropped-cropped-cropped-Logotipo-1.png\",\"contentUrl\":\"https:\\\/\\\/www.saltapatras.online\\\/wp-content\\\/uploads\\\/2025\\\/09\\\/cropped-cropped-cropped-cropped-Logotipo-1.png\",\"width\":960,\"height\":282,\"caption\":\"David \u00c1lvarez\"},\"logo\":{\"@id\":\"https:\\\/\\\/www.saltapatras.online\\\/wp-content\\\/uploads\\\/2025\\\/09\\\/cropped-cropped-cropped-cropped-Logotipo-1.png\"},\"description\":\"Soci\u00f3logo, periodista y gestor cultural. Dirige Proyecto Saltapatr\u00e1s. Estudia la maestr\u00eda en Derechos Humanos y Pol\u00edticas P\u00fablicas.\",\"sameAs\":[\"https:\\\/\\\/www.saltapatras.online\",\"https:\\\/\\\/www.facebook.com\\\/davidalvarezv\\\/\",\"https:\\\/\\\/x.com\\\/DavidAlv5\"]},{\"@type\":\"Person\",\"@id\":\"http:\\\/\\\/www.saltapatras.online\\\/#\\\/schema\\\/person\\\/f562796047d702a45d10573bc383ca6f\",\"name\":\"Christopher Cedillo\",\"image\":{\"@type\":\"ImageObject\",\"inLanguage\":\"es\",\"@id\":\"https:\\\/\\\/www.saltapatras.online\\\/wp-content\\\/uploads\\\/2023\\\/08\\\/271744488_5367801303235014_8653095546475853617_n-150x150.jpg\",\"url\":\"https:\\\/\\\/www.saltapatras.online\\\/wp-content\\\/uploads\\\/2023\\\/08\\\/271744488_5367801303235014_8653095546475853617_n-150x150.jpg\",\"contentUrl\":\"https:\\\/\\\/www.saltapatras.online\\\/wp-content\\\/uploads\\\/2023\\\/08\\\/271744488_5367801303235014_8653095546475853617_n-150x150.jpg\",\"caption\":\"Christopher Cedillo\"},\"description\":\"Docente, investigador y divulgador, miembro de la Red Mexicana de Periodistas de Ciencia. Trabajo con plantitas en el laboratorio, tratando de descubrir algunos de sus secretos.\",\"url\":\"https:\\\/\\\/www.saltapatras.online\\\/index.php\\\/author\\\/christopher-cedillo\\\/\"}]}<\/script>\n<!-- \/ Yoast SEO plugin. -->","yoast_head_json":{"title":"Arropamiento sonoro: \u201cFoley\u201d como met\u00e1fora de la potencia po\u00e9tica - Proyecto Saltapatr\u00e1s","robots":{"index":"noindex","follow":"follow","max-snippet":"max-snippet:-1","max-image-preview":"max-image-preview:large","max-video-preview":"max-video-preview:-1"},"twitter_card":"summary_large_image","twitter_title":"Arropamiento sonoro: \u201cFoley\u201d como met\u00e1fora de la potencia po\u00e9tica - Proyecto Saltapatr\u00e1s","twitter_description":"Imagina que enciendes una televisi\u00f3n vieja. \u00c9sta a\u00fan posee profundidad por su funcionamiento de rayos cat\u00f3dicos.","twitter_image":"https:\/\/www.saltapatras.online\/wp-content\/uploads\/2023\/10\/Naranja-y-Crema-Restaurantes-Reapertura-Comercial-Horizontal-Volante.png","twitter_site":"@DavidAlv5","twitter_misc":{"Escrito por":"Christopher Cedillo","Tiempo de lectura":"2 minutos"},"schema":{"@context":"https:\/\/schema.org","@graph":[{"@type":"Article","@id":"https:\/\/www.saltapatras.online\/index.php\/2023\/11\/17\/arropamiento-sonoro-foley-como-metafora-de-la-potencia-poetica\/#article","isPartOf":{"@id":"https:\/\/www.saltapatras.online\/index.php\/2023\/11\/17\/arropamiento-sonoro-foley-como-metafora-de-la-potencia-poetica\/"},"author":{"name":"Christopher Cedillo","@id":"http:\/\/www.saltapatras.online\/#\/schema\/person\/f562796047d702a45d10573bc383ca6f"},"headline":"Arropamiento sonoro: \u201cFoley\u201d como met\u00e1fora de la potencia po\u00e9tica","datePublished":"2023-11-17T14:59:59+00:00","dateModified":"2023-11-17T15:00:02+00:00","mainEntityOfPage":{"@id":"https:\/\/www.saltapatras.online\/index.php\/2023\/11\/17\/arropamiento-sonoro-foley-como-metafora-de-la-potencia-poetica\/"},"wordCount":462,"commentCount":0,"publisher":{"@id":"http:\/\/www.saltapatras.online\/#\/schema\/person\/ba188863f686d47242cbdcc48828c735"},"image":{"@id":"https:\/\/www.saltapatras.online\/index.php\/2023\/11\/17\/arropamiento-sonoro-foley-como-metafora-de-la-potencia-poetica\/#primaryimage"},"thumbnailUrl":"https:\/\/www.saltapatras.online\/wp-content\/uploads\/2023\/10\/Naranja-y-Crema-Restaurantes-Reapertura-Comercial-Horizontal-Volante.png","articleSection":["Modos de ver"],"inLanguage":"es","potentialAction":[{"@type":"CommentAction","name":"Comment","target":["https:\/\/www.saltapatras.online\/index.php\/2023\/11\/17\/arropamiento-sonoro-foley-como-metafora-de-la-potencia-poetica\/#respond"]}]},{"@type":"WebPage","@id":"https:\/\/www.saltapatras.online\/index.php\/2023\/11\/17\/arropamiento-sonoro-foley-como-metafora-de-la-potencia-poetica\/","url":"https:\/\/www.saltapatras.online\/index.php\/2023\/11\/17\/arropamiento-sonoro-foley-como-metafora-de-la-potencia-poetica\/","name":"Arropamiento sonoro: \u201cFoley\u201d como met\u00e1fora de la potencia po\u00e9tica - Proyecto Saltapatr\u00e1s","isPartOf":{"@id":"http:\/\/www.saltapatras.online\/#website"},"primaryImageOfPage":{"@id":"https:\/\/www.saltapatras.online\/index.php\/2023\/11\/17\/arropamiento-sonoro-foley-como-metafora-de-la-potencia-poetica\/#primaryimage"},"image":{"@id":"https:\/\/www.saltapatras.online\/index.php\/2023\/11\/17\/arropamiento-sonoro-foley-como-metafora-de-la-potencia-poetica\/#primaryimage"},"thumbnailUrl":"https:\/\/www.saltapatras.online\/wp-content\/uploads\/2023\/10\/Naranja-y-Crema-Restaurantes-Reapertura-Comercial-Horizontal-Volante.png","datePublished":"2023-11-17T14:59:59+00:00","dateModified":"2023-11-17T15:00:02+00:00","breadcrumb":{"@id":"https:\/\/www.saltapatras.online\/index.php\/2023\/11\/17\/arropamiento-sonoro-foley-como-metafora-de-la-potencia-poetica\/#breadcrumb"},"inLanguage":"es","potentialAction":[{"@type":"ReadAction","target":["https:\/\/www.saltapatras.online\/index.php\/2023\/11\/17\/arropamiento-sonoro-foley-como-metafora-de-la-potencia-poetica\/"]}]},{"@type":"ImageObject","inLanguage":"es","@id":"https:\/\/www.saltapatras.online\/index.php\/2023\/11\/17\/arropamiento-sonoro-foley-como-metafora-de-la-potencia-poetica\/#primaryimage","url":"https:\/\/www.saltapatras.online\/wp-content\/uploads\/2023\/10\/Naranja-y-Crema-Restaurantes-Reapertura-Comercial-Horizontal-Volante.png","contentUrl":"https:\/\/www.saltapatras.online\/wp-content\/uploads\/2023\/10\/Naranja-y-Crema-Restaurantes-Reapertura-Comercial-Horizontal-Volante.png","width":2000,"height":1294},{"@type":"BreadcrumbList","@id":"https:\/\/www.saltapatras.online\/index.php\/2023\/11\/17\/arropamiento-sonoro-foley-como-metafora-de-la-potencia-poetica\/#breadcrumb","itemListElement":[{"@type":"ListItem","position":1,"name":"Portada","item":"http:\/\/www.saltapatras.online\/"},{"@type":"ListItem","position":2,"name":"Arropamiento sonoro: \u201cFoley\u201d como met\u00e1fora de la potencia po\u00e9tica"}]},{"@type":"WebSite","@id":"http:\/\/www.saltapatras.online\/#website","url":"http:\/\/www.saltapatras.online\/","name":"Saltapatr\u00e1s","description":"Proyecto Saltapatr\u00e1s es un medio independiente de periodismo, an\u00e1lisis y divulgaci\u00f3n cultural.","publisher":{"@id":"http:\/\/www.saltapatras.online\/#\/schema\/person\/ba188863f686d47242cbdcc48828c735"},"potentialAction":[{"@type":"SearchAction","target":{"@type":"EntryPoint","urlTemplate":"http:\/\/www.saltapatras.online\/?s={search_term_string}"},"query-input":{"@type":"PropertyValueSpecification","valueRequired":true,"valueName":"search_term_string"}}],"inLanguage":"es"},{"@type":["Person","Organization"],"@id":"http:\/\/www.saltapatras.online\/#\/schema\/person\/ba188863f686d47242cbdcc48828c735","name":"David \u00c1lvarez","image":{"@type":"ImageObject","inLanguage":"es","@id":"https:\/\/www.saltapatras.online\/wp-content\/uploads\/2025\/09\/cropped-cropped-cropped-cropped-Logotipo-1.png","url":"https:\/\/www.saltapatras.online\/wp-content\/uploads\/2025\/09\/cropped-cropped-cropped-cropped-Logotipo-1.png","contentUrl":"https:\/\/www.saltapatras.online\/wp-content\/uploads\/2025\/09\/cropped-cropped-cropped-cropped-Logotipo-1.png","width":960,"height":282,"caption":"David \u00c1lvarez"},"logo":{"@id":"https:\/\/www.saltapatras.online\/wp-content\/uploads\/2025\/09\/cropped-cropped-cropped-cropped-Logotipo-1.png"},"description":"Soci\u00f3logo, periodista y gestor cultural. Dirige Proyecto Saltapatr\u00e1s. Estudia la maestr\u00eda en Derechos Humanos y Pol\u00edticas P\u00fablicas.","sameAs":["https:\/\/www.saltapatras.online","https:\/\/www.facebook.com\/davidalvarezv\/","https:\/\/x.com\/DavidAlv5"]},{"@type":"Person","@id":"http:\/\/www.saltapatras.online\/#\/schema\/person\/f562796047d702a45d10573bc383ca6f","name":"Christopher Cedillo","image":{"@type":"ImageObject","inLanguage":"es","@id":"https:\/\/www.saltapatras.online\/wp-content\/uploads\/2023\/08\/271744488_5367801303235014_8653095546475853617_n-150x150.jpg","url":"https:\/\/www.saltapatras.online\/wp-content\/uploads\/2023\/08\/271744488_5367801303235014_8653095546475853617_n-150x150.jpg","contentUrl":"https:\/\/www.saltapatras.online\/wp-content\/uploads\/2023\/08\/271744488_5367801303235014_8653095546475853617_n-150x150.jpg","caption":"Christopher Cedillo"},"description":"Docente, investigador y divulgador, miembro de la Red Mexicana de Periodistas de Ciencia. Trabajo con plantitas en el laboratorio, tratando de descubrir algunos de sus secretos.","url":"https:\/\/www.saltapatras.online\/index.php\/author\/christopher-cedillo\/"}]}},"amp_enabled":true,"_links":{"self":[{"href":"https:\/\/www.saltapatras.online\/index.php\/wp-json\/wp\/v2\/posts\/6494","targetHints":{"allow":["GET"]}}],"collection":[{"href":"https:\/\/www.saltapatras.online\/index.php\/wp-json\/wp\/v2\/posts"}],"about":[{"href":"https:\/\/www.saltapatras.online\/index.php\/wp-json\/wp\/v2\/types\/post"}],"author":[{"embeddable":true,"href":"https:\/\/www.saltapatras.online\/index.php\/wp-json\/wp\/v2\/users\/28"}],"replies":[{"embeddable":true,"href":"https:\/\/www.saltapatras.online\/index.php\/wp-json\/wp\/v2\/comments?post=6494"}],"version-history":[{"count":1,"href":"https:\/\/www.saltapatras.online\/index.php\/wp-json\/wp\/v2\/posts\/6494\/revisions"}],"predecessor-version":[{"id":6495,"href":"https:\/\/www.saltapatras.online\/index.php\/wp-json\/wp\/v2\/posts\/6494\/revisions\/6495"}],"wp:featuredmedia":[{"embeddable":true,"href":"https:\/\/www.saltapatras.online\/index.php\/wp-json\/wp\/v2\/media\/6362"}],"wp:attachment":[{"href":"https:\/\/www.saltapatras.online\/index.php\/wp-json\/wp\/v2\/media?parent=6494"}],"wp:term":[{"taxonomy":"category","embeddable":true,"href":"https:\/\/www.saltapatras.online\/index.php\/wp-json\/wp\/v2\/categories?post=6494"},{"taxonomy":"post_tag","embeddable":true,"href":"https:\/\/www.saltapatras.online\/index.php\/wp-json\/wp\/v2\/tags?post=6494"}],"curies":[{"name":"wp","href":"https:\/\/api.w.org\/{rel}","templated":true}]}}