{"id":6497,"date":"2023-11-24T02:11:57","date_gmt":"2023-11-24T02:11:57","guid":{"rendered":"https:\/\/www.saltapatras.online\/?p=6497"},"modified":"2023-11-24T02:45:17","modified_gmt":"2023-11-24T02:45:17","slug":"colectivos-ciclistas-exigen-accion-gubernamental-en-zonas-criticas","status":"publish","type":"post","link":"https:\/\/www.saltapatras.online\/index.php\/2023\/11\/24\/colectivos-ciclistas-exigen-accion-gubernamental-en-zonas-criticas\/","title":{"rendered":"Colectivos ciclistas exigen acci\u00f3n gubernamental en zonas cr\u00edticas"},"content":{"rendered":"\n<hr class=\"wp-block-separator has-alpha-channel-opacity is-style-wide\"\/>\n\n\n\n<p><strong>Fotograf\u00eda: Laura Santos<\/strong><\/p>\n\n\n\n<hr class=\"wp-block-separator has-alpha-channel-opacity is-style-wide\"\/>\n\n\n\n<div style=\"height:72px\" aria-hidden=\"true\" class=\"wp-block-spacer\"><\/div>\n\n\n\n<p class=\"has-drop-cap\">Con la creciente preocupaci\u00f3n y urgencia derivada de los desaf\u00edos en materia de movilidad sostenible en la ciudad, un conjunto de colectivos y asociaciones ciclistas ha dado un paso decisivo para impulsar cambios significativos. En la ma\u00f1ana de este jueves 23 de noviembre, representantes de estos grupos hicieron entrega de un oficio a los titulares de SEMOV, SDUOP, COPLADEM, entre otras instancias, as\u00ed como a regidores y regidoras del municipio de Quer\u00e9taro.<\/p>\n\n\n\n<p>Este documento busca instar a las autoridades a que contemplen las medidas propuestas en el Programa de Obra Anual, as\u00ed como en los diversos presupuestos de las Secretar\u00edas. La entrega del oficio refleja el compromiso de los colectivos con un enfoque proactivo, buscando una integraci\u00f3n efectiva de las necesidades de movilidad sostenible en la planificaci\u00f3n y asignaci\u00f3n de recursos gubernamentales.<\/p>\n\n\n\n<p>Estas peticiones adicionales se suman a las solicitudes previamente mencionadas, las cuales se fundamentan en la normativa vigente, incluyendo el Reglamento para la Movilidad y el Tr\u00e1nsito del Municipio de Quer\u00e9taro, la Nueva Ley General de Movilidad y Seguridad Vial, la Constituci\u00f3n, as\u00ed como el Plan Municipal de Desarrollo 2021-2024 y estad\u00edsticas de siniestros viales del INEGI.<\/p>\n\n\n\n<p>Las solicitudes espec\u00edficas de intervenci\u00f3n se centran en diez puntos cr\u00edticos identificados por colectivos y asociaciones ciclistas, entre los cuales se encuentran nodos viales, distribuidores y avenidas de alto tr\u00e1fico como Carretera 57, Av. Constituyentes y el distribuidor vial de Paseo de la Colina.<\/p>\n\n\n\n<p>Dichas peticiones se apoyan en informes como el Listado de Cruces Peligrosos elaborado por el Observatorio de Movilidad y los reportes ciudadanos presentados a la Secretar\u00eda de Movilidad. Adem\u00e1s, diversas asociaciones como Pedaleanda, Ciudad Justa y la UCIQ, entre otras, respaldan esta solicitud, enfatizando la necesidad de mejorar las condiciones de seguridad para los peatones y ciclistas en la ciudad.<\/p>\n\n\n\n<p>En este contexto, los colectivos instan al gobierno a tomar medidas urgentes y efectivas en los puntos mencionados, aline\u00e1ndose con la normativa existente y cumpliendo con el compromiso de garantizar la movilidad en condiciones de seguridad, accesibilidad, eficiencia, sostenibilidad, calidad, inclusi\u00f3n, igualdad y equidad, tal como establece la legislaci\u00f3n vigente.<\/p>\n\n\n\n<p>La entrega del oficio marca un hito en la relaci\u00f3n entre la sociedad civil y las instituciones gubernamentales, destacando la importancia de la colaboraci\u00f3n activa para abordar los retos complejos que plantea la movilidad urbana en la Zona Metropolitana.<\/p>\n\n\n\n<div style=\"height:69px\" aria-hidden=\"true\" class=\"wp-block-spacer\"><\/div>\n","protected":false},"excerpt":{"rendered":"<p>Con la creciente preocupaci\u00f3n y urgencia derivada de los desaf\u00edos en materia de movilidad sostenible en la ciudad.<\/p>\n","protected":false},"author":2,"featured_media":6498,"comment_status":"open","ping_status":"open","sticky":false,"template":"","format":"standard","meta":{"footnotes":""},"categories":[213],"tags":[],"class_list":["post-6497","post","type-post","status-publish","format-standard","has-post-thumbnail","hentry","category-noticias"],"yoast_head":"<!-- This site is optimized with the Yoast SEO plugin v27.4 - https:\/\/yoast.com\/product\/yoast-seo-wordpress\/ -->\n<title>Colectivos ciclistas exigen acci\u00f3n gubernamental en zonas cr\u00edticas - Proyecto Saltapatr\u00e1s<\/title>\n<meta name=\"robots\" content=\"noindex, follow, max-snippet:-1, max-image-preview:large, max-video-preview:-1\" \/>\n<meta name=\"twitter:card\" content=\"summary_large_image\" \/>\n<meta name=\"twitter:title\" content=\"Colectivos ciclistas exigen acci\u00f3n gubernamental en zonas cr\u00edticas - Proyecto Saltapatr\u00e1s\" \/>\n<meta name=\"twitter:description\" content=\"Con la creciente preocupaci\u00f3n y urgencia derivada de los desaf\u00edos en materia de movilidad sostenible en la ciudad.\" \/>\n<meta name=\"twitter:image\" content=\"https:\/\/www.saltapatras.online\/wp-content\/uploads\/2023\/11\/WhatsApp-Image-2023-11-23-at-12.37.18.jpeg\" \/>\n<meta name=\"twitter:creator\" content=\"@DavidAlv5\" \/>\n<meta name=\"twitter:site\" content=\"@DavidAlv5\" \/>\n<meta name=\"twitter:label1\" content=\"Escrito por\" \/>\n\t<meta name=\"twitter:data1\" content=\"David \u00c1lvarez\" \/>\n\t<meta name=\"twitter:label2\" content=\"Tiempo de lectura\" \/>\n\t<meta name=\"twitter:data2\" content=\"2 minutos\" \/>\n<script type=\"application\/ld+json\" class=\"yoast-schema-graph\">{\"@context\":\"https:\\\/\\\/schema.org\",\"@graph\":[{\"@type\":\"Article\",\"@id\":\"https:\\\/\\\/www.saltapatras.online\\\/index.php\\\/2023\\\/11\\\/24\\\/colectivos-ciclistas-exigen-accion-gubernamental-en-zonas-criticas\\\/#article\",\"isPartOf\":{\"@id\":\"https:\\\/\\\/www.saltapatras.online\\\/index.php\\\/2023\\\/11\\\/24\\\/colectivos-ciclistas-exigen-accion-gubernamental-en-zonas-criticas\\\/\"},\"author\":{\"name\":\"David \u00c1lvarez\",\"@id\":\"http:\\\/\\\/www.saltapatras.online\\\/#\\\/schema\\\/person\\\/ba188863f686d47242cbdcc48828c735\"},\"headline\":\"Colectivos ciclistas exigen acci\u00f3n gubernamental en zonas cr\u00edticas\",\"datePublished\":\"2023-11-24T02:11:57+00:00\",\"dateModified\":\"2023-11-24T02:45:17+00:00\",\"mainEntityOfPage\":{\"@id\":\"https:\\\/\\\/www.saltapatras.online\\\/index.php\\\/2023\\\/11\\\/24\\\/colectivos-ciclistas-exigen-accion-gubernamental-en-zonas-criticas\\\/\"},\"wordCount\":417,\"commentCount\":0,\"publisher\":{\"@id\":\"http:\\\/\\\/www.saltapatras.online\\\/#\\\/schema\\\/person\\\/ba188863f686d47242cbdcc48828c735\"},\"image\":{\"@id\":\"https:\\\/\\\/www.saltapatras.online\\\/index.php\\\/2023\\\/11\\\/24\\\/colectivos-ciclistas-exigen-accion-gubernamental-en-zonas-criticas\\\/#primaryimage\"},\"thumbnailUrl\":\"https:\\\/\\\/www.saltapatras.online\\\/wp-content\\\/uploads\\\/2023\\\/11\\\/WhatsApp-Image-2023-11-23-at-12.37.18.jpeg\",\"articleSection\":[\"Noticias\"],\"inLanguage\":\"es\",\"potentialAction\":[{\"@type\":\"CommentAction\",\"name\":\"Comment\",\"target\":[\"https:\\\/\\\/www.saltapatras.online\\\/index.php\\\/2023\\\/11\\\/24\\\/colectivos-ciclistas-exigen-accion-gubernamental-en-zonas-criticas\\\/#respond\"]}]},{\"@type\":\"WebPage\",\"@id\":\"https:\\\/\\\/www.saltapatras.online\\\/index.php\\\/2023\\\/11\\\/24\\\/colectivos-ciclistas-exigen-accion-gubernamental-en-zonas-criticas\\\/\",\"url\":\"https:\\\/\\\/www.saltapatras.online\\\/index.php\\\/2023\\\/11\\\/24\\\/colectivos-ciclistas-exigen-accion-gubernamental-en-zonas-criticas\\\/\",\"name\":\"Colectivos ciclistas exigen acci\u00f3n gubernamental en zonas cr\u00edticas - Proyecto Saltapatr\u00e1s\",\"isPartOf\":{\"@id\":\"http:\\\/\\\/www.saltapatras.online\\\/#website\"},\"primaryImageOfPage\":{\"@id\":\"https:\\\/\\\/www.saltapatras.online\\\/index.php\\\/2023\\\/11\\\/24\\\/colectivos-ciclistas-exigen-accion-gubernamental-en-zonas-criticas\\\/#primaryimage\"},\"image\":{\"@id\":\"https:\\\/\\\/www.saltapatras.online\\\/index.php\\\/2023\\\/11\\\/24\\\/colectivos-ciclistas-exigen-accion-gubernamental-en-zonas-criticas\\\/#primaryimage\"},\"thumbnailUrl\":\"https:\\\/\\\/www.saltapatras.online\\\/wp-content\\\/uploads\\\/2023\\\/11\\\/WhatsApp-Image-2023-11-23-at-12.37.18.jpeg\",\"datePublished\":\"2023-11-24T02:11:57+00:00\",\"dateModified\":\"2023-11-24T02:45:17+00:00\",\"breadcrumb\":{\"@id\":\"https:\\\/\\\/www.saltapatras.online\\\/index.php\\\/2023\\\/11\\\/24\\\/colectivos-ciclistas-exigen-accion-gubernamental-en-zonas-criticas\\\/#breadcrumb\"},\"inLanguage\":\"es\",\"potentialAction\":[{\"@type\":\"ReadAction\",\"target\":[\"https:\\\/\\\/www.saltapatras.online\\\/index.php\\\/2023\\\/11\\\/24\\\/colectivos-ciclistas-exigen-accion-gubernamental-en-zonas-criticas\\\/\"]}]},{\"@type\":\"ImageObject\",\"inLanguage\":\"es\",\"@id\":\"https:\\\/\\\/www.saltapatras.online\\\/index.php\\\/2023\\\/11\\\/24\\\/colectivos-ciclistas-exigen-accion-gubernamental-en-zonas-criticas\\\/#primaryimage\",\"url\":\"https:\\\/\\\/www.saltapatras.online\\\/wp-content\\\/uploads\\\/2023\\\/11\\\/WhatsApp-Image-2023-11-23-at-12.37.18.jpeg\",\"contentUrl\":\"https:\\\/\\\/www.saltapatras.online\\\/wp-content\\\/uploads\\\/2023\\\/11\\\/WhatsApp-Image-2023-11-23-at-12.37.18.jpeg\",\"width\":1280,\"height\":853},{\"@type\":\"BreadcrumbList\",\"@id\":\"https:\\\/\\\/www.saltapatras.online\\\/index.php\\\/2023\\\/11\\\/24\\\/colectivos-ciclistas-exigen-accion-gubernamental-en-zonas-criticas\\\/#breadcrumb\",\"itemListElement\":[{\"@type\":\"ListItem\",\"position\":1,\"name\":\"Portada\",\"item\":\"http:\\\/\\\/www.saltapatras.online\\\/\"},{\"@type\":\"ListItem\",\"position\":2,\"name\":\"Colectivos ciclistas exigen acci\u00f3n gubernamental en zonas cr\u00edticas\"}]},{\"@type\":\"WebSite\",\"@id\":\"http:\\\/\\\/www.saltapatras.online\\\/#website\",\"url\":\"http:\\\/\\\/www.saltapatras.online\\\/\",\"name\":\"Saltapatr\u00e1s\",\"description\":\"Proyecto Saltapatr\u00e1s es un medio independiente de periodismo, an\u00e1lisis y divulgaci\u00f3n cultural.\",\"publisher\":{\"@id\":\"http:\\\/\\\/www.saltapatras.online\\\/#\\\/schema\\\/person\\\/ba188863f686d47242cbdcc48828c735\"},\"potentialAction\":[{\"@type\":\"SearchAction\",\"target\":{\"@type\":\"EntryPoint\",\"urlTemplate\":\"http:\\\/\\\/www.saltapatras.online\\\/?s={search_term_string}\"},\"query-input\":{\"@type\":\"PropertyValueSpecification\",\"valueRequired\":true,\"valueName\":\"search_term_string\"}}],\"inLanguage\":\"es\"},{\"@type\":[\"Person\",\"Organization\"],\"@id\":\"http:\\\/\\\/www.saltapatras.online\\\/#\\\/schema\\\/person\\\/ba188863f686d47242cbdcc48828c735\",\"name\":\"David \u00c1lvarez\",\"image\":{\"@type\":\"ImageObject\",\"inLanguage\":\"es\",\"@id\":\"https:\\\/\\\/www.saltapatras.online\\\/wp-content\\\/uploads\\\/2025\\\/09\\\/cropped-cropped-cropped-cropped-Logotipo-1.png\",\"url\":\"https:\\\/\\\/www.saltapatras.online\\\/wp-content\\\/uploads\\\/2025\\\/09\\\/cropped-cropped-cropped-cropped-Logotipo-1.png\",\"contentUrl\":\"https:\\\/\\\/www.saltapatras.online\\\/wp-content\\\/uploads\\\/2025\\\/09\\\/cropped-cropped-cropped-cropped-Logotipo-1.png\",\"width\":960,\"height\":282,\"caption\":\"David \u00c1lvarez\"},\"logo\":{\"@id\":\"https:\\\/\\\/www.saltapatras.online\\\/wp-content\\\/uploads\\\/2025\\\/09\\\/cropped-cropped-cropped-cropped-Logotipo-1.png\"},\"description\":\"Soci\u00f3logo, periodista y gestor cultural. Dirige Proyecto Saltapatr\u00e1s. Estudia la maestr\u00eda en Derechos Humanos y Pol\u00edticas P\u00fablicas.\",\"sameAs\":[\"https:\\\/\\\/www.saltapatras.online\",\"https:\\\/\\\/www.facebook.com\\\/davidalvarezv\\\/\",\"https:\\\/\\\/x.com\\\/DavidAlv5\"],\"url\":\"https:\\\/\\\/www.saltapatras.online\\\/index.php\\\/author\\\/david-alvarez\\\/\"}]}<\/script>\n<!-- \/ Yoast SEO plugin. -->","yoast_head_json":{"title":"Colectivos ciclistas exigen acci\u00f3n gubernamental en zonas cr\u00edticas - Proyecto Saltapatr\u00e1s","robots":{"index":"noindex","follow":"follow","max-snippet":"max-snippet:-1","max-image-preview":"max-image-preview:large","max-video-preview":"max-video-preview:-1"},"twitter_card":"summary_large_image","twitter_title":"Colectivos ciclistas exigen acci\u00f3n gubernamental en zonas cr\u00edticas - Proyecto Saltapatr\u00e1s","twitter_description":"Con la creciente preocupaci\u00f3n y urgencia derivada de los desaf\u00edos en materia de movilidad sostenible en la ciudad.","twitter_image":"https:\/\/www.saltapatras.online\/wp-content\/uploads\/2023\/11\/WhatsApp-Image-2023-11-23-at-12.37.18.jpeg","twitter_creator":"@DavidAlv5","twitter_site":"@DavidAlv5","twitter_misc":{"Escrito por":"David \u00c1lvarez","Tiempo de lectura":"2 minutos"},"schema":{"@context":"https:\/\/schema.org","@graph":[{"@type":"Article","@id":"https:\/\/www.saltapatras.online\/index.php\/2023\/11\/24\/colectivos-ciclistas-exigen-accion-gubernamental-en-zonas-criticas\/#article","isPartOf":{"@id":"https:\/\/www.saltapatras.online\/index.php\/2023\/11\/24\/colectivos-ciclistas-exigen-accion-gubernamental-en-zonas-criticas\/"},"author":{"name":"David \u00c1lvarez","@id":"http:\/\/www.saltapatras.online\/#\/schema\/person\/ba188863f686d47242cbdcc48828c735"},"headline":"Colectivos ciclistas exigen acci\u00f3n gubernamental en zonas cr\u00edticas","datePublished":"2023-11-24T02:11:57+00:00","dateModified":"2023-11-24T02:45:17+00:00","mainEntityOfPage":{"@id":"https:\/\/www.saltapatras.online\/index.php\/2023\/11\/24\/colectivos-ciclistas-exigen-accion-gubernamental-en-zonas-criticas\/"},"wordCount":417,"commentCount":0,"publisher":{"@id":"http:\/\/www.saltapatras.online\/#\/schema\/person\/ba188863f686d47242cbdcc48828c735"},"image":{"@id":"https:\/\/www.saltapatras.online\/index.php\/2023\/11\/24\/colectivos-ciclistas-exigen-accion-gubernamental-en-zonas-criticas\/#primaryimage"},"thumbnailUrl":"https:\/\/www.saltapatras.online\/wp-content\/uploads\/2023\/11\/WhatsApp-Image-2023-11-23-at-12.37.18.jpeg","articleSection":["Noticias"],"inLanguage":"es","potentialAction":[{"@type":"CommentAction","name":"Comment","target":["https:\/\/www.saltapatras.online\/index.php\/2023\/11\/24\/colectivos-ciclistas-exigen-accion-gubernamental-en-zonas-criticas\/#respond"]}]},{"@type":"WebPage","@id":"https:\/\/www.saltapatras.online\/index.php\/2023\/11\/24\/colectivos-ciclistas-exigen-accion-gubernamental-en-zonas-criticas\/","url":"https:\/\/www.saltapatras.online\/index.php\/2023\/11\/24\/colectivos-ciclistas-exigen-accion-gubernamental-en-zonas-criticas\/","name":"Colectivos ciclistas exigen acci\u00f3n gubernamental en zonas cr\u00edticas - Proyecto Saltapatr\u00e1s","isPartOf":{"@id":"http:\/\/www.saltapatras.online\/#website"},"primaryImageOfPage":{"@id":"https:\/\/www.saltapatras.online\/index.php\/2023\/11\/24\/colectivos-ciclistas-exigen-accion-gubernamental-en-zonas-criticas\/#primaryimage"},"image":{"@id":"https:\/\/www.saltapatras.online\/index.php\/2023\/11\/24\/colectivos-ciclistas-exigen-accion-gubernamental-en-zonas-criticas\/#primaryimage"},"thumbnailUrl":"https:\/\/www.saltapatras.online\/wp-content\/uploads\/2023\/11\/WhatsApp-Image-2023-11-23-at-12.37.18.jpeg","datePublished":"2023-11-24T02:11:57+00:00","dateModified":"2023-11-24T02:45:17+00:00","breadcrumb":{"@id":"https:\/\/www.saltapatras.online\/index.php\/2023\/11\/24\/colectivos-ciclistas-exigen-accion-gubernamental-en-zonas-criticas\/#breadcrumb"},"inLanguage":"es","potentialAction":[{"@type":"ReadAction","target":["https:\/\/www.saltapatras.online\/index.php\/2023\/11\/24\/colectivos-ciclistas-exigen-accion-gubernamental-en-zonas-criticas\/"]}]},{"@type":"ImageObject","inLanguage":"es","@id":"https:\/\/www.saltapatras.online\/index.php\/2023\/11\/24\/colectivos-ciclistas-exigen-accion-gubernamental-en-zonas-criticas\/#primaryimage","url":"https:\/\/www.saltapatras.online\/wp-content\/uploads\/2023\/11\/WhatsApp-Image-2023-11-23-at-12.37.18.jpeg","contentUrl":"https:\/\/www.saltapatras.online\/wp-content\/uploads\/2023\/11\/WhatsApp-Image-2023-11-23-at-12.37.18.jpeg","width":1280,"height":853},{"@type":"BreadcrumbList","@id":"https:\/\/www.saltapatras.online\/index.php\/2023\/11\/24\/colectivos-ciclistas-exigen-accion-gubernamental-en-zonas-criticas\/#breadcrumb","itemListElement":[{"@type":"ListItem","position":1,"name":"Portada","item":"http:\/\/www.saltapatras.online\/"},{"@type":"ListItem","position":2,"name":"Colectivos ciclistas exigen acci\u00f3n gubernamental en zonas cr\u00edticas"}]},{"@type":"WebSite","@id":"http:\/\/www.saltapatras.online\/#website","url":"http:\/\/www.saltapatras.online\/","name":"Saltapatr\u00e1s","description":"Proyecto Saltapatr\u00e1s es un medio independiente de periodismo, an\u00e1lisis y divulgaci\u00f3n cultural.","publisher":{"@id":"http:\/\/www.saltapatras.online\/#\/schema\/person\/ba188863f686d47242cbdcc48828c735"},"potentialAction":[{"@type":"SearchAction","target":{"@type":"EntryPoint","urlTemplate":"http:\/\/www.saltapatras.online\/?s={search_term_string}"},"query-input":{"@type":"PropertyValueSpecification","valueRequired":true,"valueName":"search_term_string"}}],"inLanguage":"es"},{"@type":["Person","Organization"],"@id":"http:\/\/www.saltapatras.online\/#\/schema\/person\/ba188863f686d47242cbdcc48828c735","name":"David \u00c1lvarez","image":{"@type":"ImageObject","inLanguage":"es","@id":"https:\/\/www.saltapatras.online\/wp-content\/uploads\/2025\/09\/cropped-cropped-cropped-cropped-Logotipo-1.png","url":"https:\/\/www.saltapatras.online\/wp-content\/uploads\/2025\/09\/cropped-cropped-cropped-cropped-Logotipo-1.png","contentUrl":"https:\/\/www.saltapatras.online\/wp-content\/uploads\/2025\/09\/cropped-cropped-cropped-cropped-Logotipo-1.png","width":960,"height":282,"caption":"David \u00c1lvarez"},"logo":{"@id":"https:\/\/www.saltapatras.online\/wp-content\/uploads\/2025\/09\/cropped-cropped-cropped-cropped-Logotipo-1.png"},"description":"Soci\u00f3logo, periodista y gestor cultural. Dirige Proyecto Saltapatr\u00e1s. Estudia la maestr\u00eda en Derechos Humanos y Pol\u00edticas P\u00fablicas.","sameAs":["https:\/\/www.saltapatras.online","https:\/\/www.facebook.com\/davidalvarezv\/","https:\/\/x.com\/DavidAlv5"],"url":"https:\/\/www.saltapatras.online\/index.php\/author\/david-alvarez\/"}]}},"amp_enabled":true,"_links":{"self":[{"href":"https:\/\/www.saltapatras.online\/index.php\/wp-json\/wp\/v2\/posts\/6497","targetHints":{"allow":["GET"]}}],"collection":[{"href":"https:\/\/www.saltapatras.online\/index.php\/wp-json\/wp\/v2\/posts"}],"about":[{"href":"https:\/\/www.saltapatras.online\/index.php\/wp-json\/wp\/v2\/types\/post"}],"author":[{"embeddable":true,"href":"https:\/\/www.saltapatras.online\/index.php\/wp-json\/wp\/v2\/users\/2"}],"replies":[{"embeddable":true,"href":"https:\/\/www.saltapatras.online\/index.php\/wp-json\/wp\/v2\/comments?post=6497"}],"version-history":[{"count":3,"href":"https:\/\/www.saltapatras.online\/index.php\/wp-json\/wp\/v2\/posts\/6497\/revisions"}],"predecessor-version":[{"id":6502,"href":"https:\/\/www.saltapatras.online\/index.php\/wp-json\/wp\/v2\/posts\/6497\/revisions\/6502"}],"wp:featuredmedia":[{"embeddable":true,"href":"https:\/\/www.saltapatras.online\/index.php\/wp-json\/wp\/v2\/media\/6498"}],"wp:attachment":[{"href":"https:\/\/www.saltapatras.online\/index.php\/wp-json\/wp\/v2\/media?parent=6497"}],"wp:term":[{"taxonomy":"category","embeddable":true,"href":"https:\/\/www.saltapatras.online\/index.php\/wp-json\/wp\/v2\/categories?post=6497"},{"taxonomy":"post_tag","embeddable":true,"href":"https:\/\/www.saltapatras.online\/index.php\/wp-json\/wp\/v2\/tags?post=6497"}],"curies":[{"name":"wp","href":"https:\/\/api.w.org\/{rel}","templated":true}]}}