{"id":6503,"date":"2023-11-24T15:32:25","date_gmt":"2023-11-24T15:32:25","guid":{"rendered":"https:\/\/www.saltapatras.online\/?p=6503"},"modified":"2023-11-24T15:32:29","modified_gmt":"2023-11-24T15:32:29","slug":"salvaguardia-o-amenaza-san-francisquito-frente-a-los-riesgos-de-la-unesco","status":"publish","type":"post","link":"https:\/\/www.saltapatras.online\/index.php\/2023\/11\/24\/salvaguardia-o-amenaza-san-francisquito-frente-a-los-riesgos-de-la-unesco\/","title":{"rendered":"\u00bfSalvaguardia o amenaza? San Francisquito frente a los riesgos de la UNESCO"},"content":{"rendered":"\n<hr class=\"wp-block-separator has-alpha-channel-opacity is-style-wide\"\/>\n\n\n\n<p><strong>Fotograf\u00eda: C\u00e9sar G\u00f3mez<\/strong><\/p>\n\n\n\n<hr class=\"wp-block-separator has-alpha-channel-opacity is-style-wide\"\/>\n\n\n\n<div style=\"height:71px\" aria-hidden=\"true\" class=\"wp-block-spacer\"><\/div>\n\n\n\n<p class=\"has-drop-cap\">En un encuentro que reuni\u00f3 a expertas y miembros de la comunidad en la Casa del Gran Coraz\u00f3n, en el barrio de San Francisquito, se abordaron los impactos potenciales sobre la posibilidad de una declaratoria de Patrimonio Mundial por la UNESCO de la Danza Conchera y el Cerro del Sangremal. Janet Lezama y Edith Rangel, representantes del INAH Quer\u00e9taro, abordaron los posibles impactos, centr\u00e1ndose especialmente en las implicaciones y riesgos que esta distinci\u00f3n internacional podr\u00eda traer a la comunidad.<\/p>\n\n\n\n<p>Janet Lezama, arquitecta y restauradora, inici\u00f3 la discusi\u00f3n contextualizando la noci\u00f3n de patrimonio cultural, subrayando la evoluci\u00f3n del concepto desde la consideraci\u00f3n inicial de monumentos hegem\u00f3nicos hacia un enfoque en el patrimonio vivo, las tradiciones, idiomas y productos de grupos subordinados. Lezama enfatiz\u00f3 la importancia de comprender la gentrificaci\u00f3n como un proceso que implica expulsi\u00f3n, injusticia y desigualdad.<\/p>\n\n\n\n<p>La experta introdujo el concepto de patrimonializaci\u00f3n, describi\u00e9ndola como la acci\u00f3n de asignar a algo no considerado patrimonio un estatus patrimonial. Alert\u00f3 sobre la mercantilizaci\u00f3n, turistificaci\u00f3n y descontextualizaci\u00f3n que pueden surgir cuando el patrimonio se ve principalmente como un activo econ\u00f3mico y pol\u00edtico, se\u00f1alando la importancia de un enfoque social del patrimonio para proteger la identidad, cohesi\u00f3n social y resistencia cultural.<\/p>\n\n\n\n<p>En particular, abord\u00f3 con profundidad los riesgos potenciales de gentrificaci\u00f3n en San Francisquito. Aunque carece de datos concretos, destac\u00f3 la terciarizaci\u00f3n del centro hist\u00f3rico como un indicador preocupante. La proliferaci\u00f3n de establecimientos orientados al turismo, como bares y restaurantes, podr\u00eda amenazar la autenticidad cultural del barrio.<\/p>\n\n\n\n<p>La antrop\u00f3loga Edith Rangel, por su parte, ampli\u00f3 la perspectiva al abordar las declaratorias a nivel municipal, estatal, nacional e internacional, resaltando la paradoja de la inscripci\u00f3n en la lista de la UNESCO, que puede a\u00f1adir un valor econ\u00f3mico al simb\u00f3lico y favorecer el lucro privado. Tambi\u00e9n describi\u00f3 el proceso en San Francisquito, donde el INAH emiti\u00f3 un dictamen de la comunidad como ind\u00edgena, a\u00fan pendiente de aprobaci\u00f3n legislativa.<\/p>\n\n\n\n<p>Rangel profundiz\u00f3 en los desaf\u00edos inherentes a la patrimonializaci\u00f3n y la relevancia de la UNESCO en este contexto, planteando preguntas clave sobre si la declaratoria ser\u00eda un verdadero mecanismo de salvaguarda o si podr\u00eda abrir la puerta a la comercializaci\u00f3n descontrolada del patrimonio cultural. Destac\u00f3 la importancia de considerar la identidad, cohesi\u00f3n social y resistencia comunitaria en el proceso.<\/p>\n\n\n\n<p>Edith Rangel concluy\u00f3 llamando a la comunidad a ser protagonista en el proceso de decidir sobre su patrimonio, destacando la importancia de un proceso libre, informado y consensuado que una y fortalezca los lazos comunitarios.<\/p>\n\n\n\n<p>El Foro Informativo en San Francisquito evidenci\u00f3 la complejidad y las oportunidades que la posible declaratoria de la UNESCO presenta para la Danza Conchera y el Cerro del Sangremal. Ante la amenaza de desplazamiento y mercantilizaci\u00f3n, la comunidad se encuentra en un momento crucial para definir su futuro, con el desaf\u00edo de equilibrar la preservaci\u00f3n de su identidad cultural y las presiones del desarrollo econ\u00f3mico.<\/p>\n\n\n\n<div style=\"height:73px\" aria-hidden=\"true\" class=\"wp-block-spacer\"><\/div>\n","protected":false},"excerpt":{"rendered":"<p>En un encuentro que reuni\u00f3 a expertas y miembros de la comunidad en la Casa del Gran Coraz\u00f3n.<\/p>\n","protected":false},"author":2,"featured_media":6504,"comment_status":"open","ping_status":"open","sticky":false,"template":"","format":"standard","meta":{"footnotes":""},"categories":[213],"tags":[],"class_list":["post-6503","post","type-post","status-publish","format-standard","has-post-thumbnail","hentry","category-noticias"],"yoast_head":"<!-- This site is optimized with the Yoast SEO plugin v27.5 - https:\/\/yoast.com\/product\/yoast-seo-wordpress\/ -->\n<title>\u00bfSalvaguardia o amenaza? San Francisquito frente a los riesgos de la UNESCO - Proyecto Saltapatr\u00e1s<\/title>\n<meta name=\"robots\" content=\"noindex, follow, max-snippet:-1, max-image-preview:large, max-video-preview:-1\" \/>\n<meta name=\"twitter:card\" content=\"summary_large_image\" \/>\n<meta name=\"twitter:title\" content=\"\u00bfSalvaguardia o amenaza? San Francisquito frente a los riesgos de la UNESCO - Proyecto Saltapatr\u00e1s\" \/>\n<meta name=\"twitter:description\" content=\"En un encuentro que reuni\u00f3 a expertas y miembros de la comunidad en la Casa del Gran Coraz\u00f3n.\" \/>\n<meta name=\"twitter:image\" content=\"https:\/\/www.saltapatras.online\/wp-content\/uploads\/2023\/11\/EGR2503-scaled.jpg\" \/>\n<meta name=\"twitter:creator\" content=\"@DavidAlv5\" \/>\n<meta name=\"twitter:site\" content=\"@DavidAlv5\" \/>\n<meta name=\"twitter:label1\" content=\"Escrito por\" \/>\n\t<meta name=\"twitter:data1\" content=\"David \u00c1lvarez\" \/>\n\t<meta name=\"twitter:label2\" content=\"Tiempo de lectura\" \/>\n\t<meta name=\"twitter:data2\" content=\"3 minutos\" \/>\n<script type=\"application\/ld+json\" class=\"yoast-schema-graph\">{\"@context\":\"https:\\\/\\\/schema.org\",\"@graph\":[{\"@type\":\"Article\",\"@id\":\"http:\\\/\\\/www.saltapatras.online\\\/index.php\\\/2023\\\/11\\\/24\\\/salvaguardia-o-amenaza-san-francisquito-frente-a-los-riesgos-de-la-unesco\\\/#article\",\"isPartOf\":{\"@id\":\"http:\\\/\\\/www.saltapatras.online\\\/index.php\\\/2023\\\/11\\\/24\\\/salvaguardia-o-amenaza-san-francisquito-frente-a-los-riesgos-de-la-unesco\\\/\"},\"author\":{\"name\":\"David \u00c1lvarez\",\"@id\":\"http:\\\/\\\/www.saltapatras.online\\\/#\\\/schema\\\/person\\\/ba188863f686d47242cbdcc48828c735\"},\"headline\":\"\u00bfSalvaguardia o amenaza? San Francisquito frente a los riesgos de la UNESCO\",\"datePublished\":\"2023-11-24T15:32:25+00:00\",\"dateModified\":\"2023-11-24T15:32:29+00:00\",\"mainEntityOfPage\":{\"@id\":\"http:\\\/\\\/www.saltapatras.online\\\/index.php\\\/2023\\\/11\\\/24\\\/salvaguardia-o-amenaza-san-francisquito-frente-a-los-riesgos-de-la-unesco\\\/\"},\"wordCount\":536,\"commentCount\":0,\"publisher\":{\"@id\":\"http:\\\/\\\/www.saltapatras.online\\\/#\\\/schema\\\/person\\\/ba188863f686d47242cbdcc48828c735\"},\"image\":{\"@id\":\"http:\\\/\\\/www.saltapatras.online\\\/index.php\\\/2023\\\/11\\\/24\\\/salvaguardia-o-amenaza-san-francisquito-frente-a-los-riesgos-de-la-unesco\\\/#primaryimage\"},\"thumbnailUrl\":\"https:\\\/\\\/www.saltapatras.online\\\/wp-content\\\/uploads\\\/2023\\\/11\\\/EGR2503-scaled.jpg\",\"articleSection\":[\"Noticias\"],\"inLanguage\":\"es\",\"potentialAction\":[{\"@type\":\"CommentAction\",\"name\":\"Comment\",\"target\":[\"http:\\\/\\\/www.saltapatras.online\\\/index.php\\\/2023\\\/11\\\/24\\\/salvaguardia-o-amenaza-san-francisquito-frente-a-los-riesgos-de-la-unesco\\\/#respond\"]}]},{\"@type\":\"WebPage\",\"@id\":\"http:\\\/\\\/www.saltapatras.online\\\/index.php\\\/2023\\\/11\\\/24\\\/salvaguardia-o-amenaza-san-francisquito-frente-a-los-riesgos-de-la-unesco\\\/\",\"url\":\"http:\\\/\\\/www.saltapatras.online\\\/index.php\\\/2023\\\/11\\\/24\\\/salvaguardia-o-amenaza-san-francisquito-frente-a-los-riesgos-de-la-unesco\\\/\",\"name\":\"\u00bfSalvaguardia o amenaza? San Francisquito frente a los riesgos de la UNESCO - Proyecto Saltapatr\u00e1s\",\"isPartOf\":{\"@id\":\"http:\\\/\\\/www.saltapatras.online\\\/#website\"},\"primaryImageOfPage\":{\"@id\":\"http:\\\/\\\/www.saltapatras.online\\\/index.php\\\/2023\\\/11\\\/24\\\/salvaguardia-o-amenaza-san-francisquito-frente-a-los-riesgos-de-la-unesco\\\/#primaryimage\"},\"image\":{\"@id\":\"http:\\\/\\\/www.saltapatras.online\\\/index.php\\\/2023\\\/11\\\/24\\\/salvaguardia-o-amenaza-san-francisquito-frente-a-los-riesgos-de-la-unesco\\\/#primaryimage\"},\"thumbnailUrl\":\"https:\\\/\\\/www.saltapatras.online\\\/wp-content\\\/uploads\\\/2023\\\/11\\\/EGR2503-scaled.jpg\",\"datePublished\":\"2023-11-24T15:32:25+00:00\",\"dateModified\":\"2023-11-24T15:32:29+00:00\",\"breadcrumb\":{\"@id\":\"http:\\\/\\\/www.saltapatras.online\\\/index.php\\\/2023\\\/11\\\/24\\\/salvaguardia-o-amenaza-san-francisquito-frente-a-los-riesgos-de-la-unesco\\\/#breadcrumb\"},\"inLanguage\":\"es\",\"potentialAction\":[{\"@type\":\"ReadAction\",\"target\":[\"http:\\\/\\\/www.saltapatras.online\\\/index.php\\\/2023\\\/11\\\/24\\\/salvaguardia-o-amenaza-san-francisquito-frente-a-los-riesgos-de-la-unesco\\\/\"]}]},{\"@type\":\"ImageObject\",\"inLanguage\":\"es\",\"@id\":\"http:\\\/\\\/www.saltapatras.online\\\/index.php\\\/2023\\\/11\\\/24\\\/salvaguardia-o-amenaza-san-francisquito-frente-a-los-riesgos-de-la-unesco\\\/#primaryimage\",\"url\":\"https:\\\/\\\/www.saltapatras.online\\\/wp-content\\\/uploads\\\/2023\\\/11\\\/EGR2503-scaled.jpg\",\"contentUrl\":\"https:\\\/\\\/www.saltapatras.online\\\/wp-content\\\/uploads\\\/2023\\\/11\\\/EGR2503-scaled.jpg\",\"width\":2560,\"height\":1707},{\"@type\":\"BreadcrumbList\",\"@id\":\"http:\\\/\\\/www.saltapatras.online\\\/index.php\\\/2023\\\/11\\\/24\\\/salvaguardia-o-amenaza-san-francisquito-frente-a-los-riesgos-de-la-unesco\\\/#breadcrumb\",\"itemListElement\":[{\"@type\":\"ListItem\",\"position\":1,\"name\":\"Portada\",\"item\":\"http:\\\/\\\/www.saltapatras.online\\\/\"},{\"@type\":\"ListItem\",\"position\":2,\"name\":\"\u00bfSalvaguardia o amenaza? San Francisquito frente a los riesgos de la UNESCO\"}]},{\"@type\":\"WebSite\",\"@id\":\"http:\\\/\\\/www.saltapatras.online\\\/#website\",\"url\":\"http:\\\/\\\/www.saltapatras.online\\\/\",\"name\":\"Saltapatr\u00e1s\",\"description\":\"Proyecto Saltapatr\u00e1s es un medio independiente de periodismo, an\u00e1lisis y divulgaci\u00f3n cultural.\",\"publisher\":{\"@id\":\"http:\\\/\\\/www.saltapatras.online\\\/#\\\/schema\\\/person\\\/ba188863f686d47242cbdcc48828c735\"},\"potentialAction\":[{\"@type\":\"SearchAction\",\"target\":{\"@type\":\"EntryPoint\",\"urlTemplate\":\"http:\\\/\\\/www.saltapatras.online\\\/?s={search_term_string}\"},\"query-input\":{\"@type\":\"PropertyValueSpecification\",\"valueRequired\":true,\"valueName\":\"search_term_string\"}}],\"inLanguage\":\"es\"},{\"@type\":[\"Person\",\"Organization\"],\"@id\":\"http:\\\/\\\/www.saltapatras.online\\\/#\\\/schema\\\/person\\\/ba188863f686d47242cbdcc48828c735\",\"name\":\"David \u00c1lvarez\",\"image\":{\"@type\":\"ImageObject\",\"inLanguage\":\"es\",\"@id\":\"https:\\\/\\\/www.saltapatras.online\\\/wp-content\\\/uploads\\\/2025\\\/09\\\/cropped-cropped-cropped-cropped-Logotipo-1.png\",\"url\":\"https:\\\/\\\/www.saltapatras.online\\\/wp-content\\\/uploads\\\/2025\\\/09\\\/cropped-cropped-cropped-cropped-Logotipo-1.png\",\"contentUrl\":\"https:\\\/\\\/www.saltapatras.online\\\/wp-content\\\/uploads\\\/2025\\\/09\\\/cropped-cropped-cropped-cropped-Logotipo-1.png\",\"width\":960,\"height\":282,\"caption\":\"David \u00c1lvarez\"},\"logo\":{\"@id\":\"https:\\\/\\\/www.saltapatras.online\\\/wp-content\\\/uploads\\\/2025\\\/09\\\/cropped-cropped-cropped-cropped-Logotipo-1.png\"},\"description\":\"Soci\u00f3logo, periodista y gestor cultural. Dirige Proyecto Saltapatr\u00e1s. Estudia la maestr\u00eda en Derechos Humanos y Pol\u00edticas P\u00fablicas.\",\"sameAs\":[\"https:\\\/\\\/www.saltapatras.online\",\"https:\\\/\\\/www.facebook.com\\\/davidalvarezv\\\/\",\"https:\\\/\\\/x.com\\\/DavidAlv5\"],\"url\":\"https:\\\/\\\/www.saltapatras.online\\\/index.php\\\/author\\\/david-alvarez\\\/\"}]}<\/script>\n<!-- \/ Yoast SEO plugin. -->","yoast_head_json":{"title":"\u00bfSalvaguardia o amenaza? San Francisquito frente a los riesgos de la UNESCO - Proyecto Saltapatr\u00e1s","robots":{"index":"noindex","follow":"follow","max-snippet":"max-snippet:-1","max-image-preview":"max-image-preview:large","max-video-preview":"max-video-preview:-1"},"twitter_card":"summary_large_image","twitter_title":"\u00bfSalvaguardia o amenaza? San Francisquito frente a los riesgos de la UNESCO - Proyecto Saltapatr\u00e1s","twitter_description":"En un encuentro que reuni\u00f3 a expertas y miembros de la comunidad en la Casa del Gran Coraz\u00f3n.","twitter_image":"https:\/\/www.saltapatras.online\/wp-content\/uploads\/2023\/11\/EGR2503-scaled.jpg","twitter_creator":"@DavidAlv5","twitter_site":"@DavidAlv5","twitter_misc":{"Escrito por":"David \u00c1lvarez","Tiempo de lectura":"3 minutos"},"schema":{"@context":"https:\/\/schema.org","@graph":[{"@type":"Article","@id":"http:\/\/www.saltapatras.online\/index.php\/2023\/11\/24\/salvaguardia-o-amenaza-san-francisquito-frente-a-los-riesgos-de-la-unesco\/#article","isPartOf":{"@id":"http:\/\/www.saltapatras.online\/index.php\/2023\/11\/24\/salvaguardia-o-amenaza-san-francisquito-frente-a-los-riesgos-de-la-unesco\/"},"author":{"name":"David \u00c1lvarez","@id":"http:\/\/www.saltapatras.online\/#\/schema\/person\/ba188863f686d47242cbdcc48828c735"},"headline":"\u00bfSalvaguardia o amenaza? San Francisquito frente a los riesgos de la UNESCO","datePublished":"2023-11-24T15:32:25+00:00","dateModified":"2023-11-24T15:32:29+00:00","mainEntityOfPage":{"@id":"http:\/\/www.saltapatras.online\/index.php\/2023\/11\/24\/salvaguardia-o-amenaza-san-francisquito-frente-a-los-riesgos-de-la-unesco\/"},"wordCount":536,"commentCount":0,"publisher":{"@id":"http:\/\/www.saltapatras.online\/#\/schema\/person\/ba188863f686d47242cbdcc48828c735"},"image":{"@id":"http:\/\/www.saltapatras.online\/index.php\/2023\/11\/24\/salvaguardia-o-amenaza-san-francisquito-frente-a-los-riesgos-de-la-unesco\/#primaryimage"},"thumbnailUrl":"https:\/\/www.saltapatras.online\/wp-content\/uploads\/2023\/11\/EGR2503-scaled.jpg","articleSection":["Noticias"],"inLanguage":"es","potentialAction":[{"@type":"CommentAction","name":"Comment","target":["http:\/\/www.saltapatras.online\/index.php\/2023\/11\/24\/salvaguardia-o-amenaza-san-francisquito-frente-a-los-riesgos-de-la-unesco\/#respond"]}]},{"@type":"WebPage","@id":"http:\/\/www.saltapatras.online\/index.php\/2023\/11\/24\/salvaguardia-o-amenaza-san-francisquito-frente-a-los-riesgos-de-la-unesco\/","url":"http:\/\/www.saltapatras.online\/index.php\/2023\/11\/24\/salvaguardia-o-amenaza-san-francisquito-frente-a-los-riesgos-de-la-unesco\/","name":"\u00bfSalvaguardia o amenaza? San Francisquito frente a los riesgos de la UNESCO - Proyecto Saltapatr\u00e1s","isPartOf":{"@id":"http:\/\/www.saltapatras.online\/#website"},"primaryImageOfPage":{"@id":"http:\/\/www.saltapatras.online\/index.php\/2023\/11\/24\/salvaguardia-o-amenaza-san-francisquito-frente-a-los-riesgos-de-la-unesco\/#primaryimage"},"image":{"@id":"http:\/\/www.saltapatras.online\/index.php\/2023\/11\/24\/salvaguardia-o-amenaza-san-francisquito-frente-a-los-riesgos-de-la-unesco\/#primaryimage"},"thumbnailUrl":"https:\/\/www.saltapatras.online\/wp-content\/uploads\/2023\/11\/EGR2503-scaled.jpg","datePublished":"2023-11-24T15:32:25+00:00","dateModified":"2023-11-24T15:32:29+00:00","breadcrumb":{"@id":"http:\/\/www.saltapatras.online\/index.php\/2023\/11\/24\/salvaguardia-o-amenaza-san-francisquito-frente-a-los-riesgos-de-la-unesco\/#breadcrumb"},"inLanguage":"es","potentialAction":[{"@type":"ReadAction","target":["http:\/\/www.saltapatras.online\/index.php\/2023\/11\/24\/salvaguardia-o-amenaza-san-francisquito-frente-a-los-riesgos-de-la-unesco\/"]}]},{"@type":"ImageObject","inLanguage":"es","@id":"http:\/\/www.saltapatras.online\/index.php\/2023\/11\/24\/salvaguardia-o-amenaza-san-francisquito-frente-a-los-riesgos-de-la-unesco\/#primaryimage","url":"https:\/\/www.saltapatras.online\/wp-content\/uploads\/2023\/11\/EGR2503-scaled.jpg","contentUrl":"https:\/\/www.saltapatras.online\/wp-content\/uploads\/2023\/11\/EGR2503-scaled.jpg","width":2560,"height":1707},{"@type":"BreadcrumbList","@id":"http:\/\/www.saltapatras.online\/index.php\/2023\/11\/24\/salvaguardia-o-amenaza-san-francisquito-frente-a-los-riesgos-de-la-unesco\/#breadcrumb","itemListElement":[{"@type":"ListItem","position":1,"name":"Portada","item":"http:\/\/www.saltapatras.online\/"},{"@type":"ListItem","position":2,"name":"\u00bfSalvaguardia o amenaza? San Francisquito frente a los riesgos de la UNESCO"}]},{"@type":"WebSite","@id":"http:\/\/www.saltapatras.online\/#website","url":"http:\/\/www.saltapatras.online\/","name":"Saltapatr\u00e1s","description":"Proyecto Saltapatr\u00e1s es un medio independiente de periodismo, an\u00e1lisis y divulgaci\u00f3n cultural.","publisher":{"@id":"http:\/\/www.saltapatras.online\/#\/schema\/person\/ba188863f686d47242cbdcc48828c735"},"potentialAction":[{"@type":"SearchAction","target":{"@type":"EntryPoint","urlTemplate":"http:\/\/www.saltapatras.online\/?s={search_term_string}"},"query-input":{"@type":"PropertyValueSpecification","valueRequired":true,"valueName":"search_term_string"}}],"inLanguage":"es"},{"@type":["Person","Organization"],"@id":"http:\/\/www.saltapatras.online\/#\/schema\/person\/ba188863f686d47242cbdcc48828c735","name":"David \u00c1lvarez","image":{"@type":"ImageObject","inLanguage":"es","@id":"https:\/\/www.saltapatras.online\/wp-content\/uploads\/2025\/09\/cropped-cropped-cropped-cropped-Logotipo-1.png","url":"https:\/\/www.saltapatras.online\/wp-content\/uploads\/2025\/09\/cropped-cropped-cropped-cropped-Logotipo-1.png","contentUrl":"https:\/\/www.saltapatras.online\/wp-content\/uploads\/2025\/09\/cropped-cropped-cropped-cropped-Logotipo-1.png","width":960,"height":282,"caption":"David \u00c1lvarez"},"logo":{"@id":"https:\/\/www.saltapatras.online\/wp-content\/uploads\/2025\/09\/cropped-cropped-cropped-cropped-Logotipo-1.png"},"description":"Soci\u00f3logo, periodista y gestor cultural. Dirige Proyecto Saltapatr\u00e1s. Estudia la maestr\u00eda en Derechos Humanos y Pol\u00edticas P\u00fablicas.","sameAs":["https:\/\/www.saltapatras.online","https:\/\/www.facebook.com\/davidalvarezv\/","https:\/\/x.com\/DavidAlv5"],"url":"https:\/\/www.saltapatras.online\/index.php\/author\/david-alvarez\/"}]}},"amp_enabled":true,"_links":{"self":[{"href":"https:\/\/www.saltapatras.online\/index.php\/wp-json\/wp\/v2\/posts\/6503","targetHints":{"allow":["GET"]}}],"collection":[{"href":"https:\/\/www.saltapatras.online\/index.php\/wp-json\/wp\/v2\/posts"}],"about":[{"href":"https:\/\/www.saltapatras.online\/index.php\/wp-json\/wp\/v2\/types\/post"}],"author":[{"embeddable":true,"href":"https:\/\/www.saltapatras.online\/index.php\/wp-json\/wp\/v2\/users\/2"}],"replies":[{"embeddable":true,"href":"https:\/\/www.saltapatras.online\/index.php\/wp-json\/wp\/v2\/comments?post=6503"}],"version-history":[{"count":1,"href":"https:\/\/www.saltapatras.online\/index.php\/wp-json\/wp\/v2\/posts\/6503\/revisions"}],"predecessor-version":[{"id":6509,"href":"https:\/\/www.saltapatras.online\/index.php\/wp-json\/wp\/v2\/posts\/6503\/revisions\/6509"}],"wp:featuredmedia":[{"embeddable":true,"href":"https:\/\/www.saltapatras.online\/index.php\/wp-json\/wp\/v2\/media\/6504"}],"wp:attachment":[{"href":"https:\/\/www.saltapatras.online\/index.php\/wp-json\/wp\/v2\/media?parent=6503"}],"wp:term":[{"taxonomy":"category","embeddable":true,"href":"https:\/\/www.saltapatras.online\/index.php\/wp-json\/wp\/v2\/categories?post=6503"},{"taxonomy":"post_tag","embeddable":true,"href":"https:\/\/www.saltapatras.online\/index.php\/wp-json\/wp\/v2\/tags?post=6503"}],"curies":[{"name":"wp","href":"https:\/\/api.w.org\/{rel}","templated":true}]}}