{"id":7725,"date":"2025-05-17T13:11:46","date_gmt":"2025-05-17T13:11:46","guid":{"rendered":"https:\/\/www.saltapatras.online\/?p=7725"},"modified":"2025-05-17T13:11:49","modified_gmt":"2025-05-17T13:11:49","slug":"san-francisquito-se-cuenta-a-si-mismo-podcast-documenta-su-lucha-como-barrio-indigena-urbano","status":"publish","type":"post","link":"https:\/\/www.saltapatras.online\/index.php\/2025\/05\/17\/san-francisquito-se-cuenta-a-si-mismo-podcast-documenta-su-lucha-como-barrio-indigena-urbano\/","title":{"rendered":"San Francisquito se cuenta a s\u00ed mismo: podcast documenta su lucha como barrio ind\u00edgena urbano"},"content":{"rendered":"\n<hr class=\"wp-block-separator has-alpha-channel-opacity is-style-wide\"\/>\n\n\n\n<p><strong>Fotograf\u00eda: C\u00e9sar G\u00f3mez<\/strong><\/p>\n\n\n\n<hr class=\"wp-block-separator has-alpha-channel-opacity is-style-wide\"\/>\n\n\n\n<div style=\"height:71px\" aria-hidden=\"true\" class=\"wp-block-spacer\"><\/div>\n\n\n\n<p class=\"has-drop-cap\">San Francisquito es un barrio conocido por su bravura, y no desde hace poco. Con esa misma dignidad con la que han defendido su reconocimiento como el primer barrio ind\u00edgena urbano de Quer\u00e9taro, relatan el proceso para lograrlo a trav\u00e9s del podcast Periodismo de lo Posible<\/p>\n\n\n\n<p>En el episodio \u201cSan Francisquito: el barrio ind\u00edgena urbano que no se vende\u201d, vecinos e integrantes de la Confederaci\u00f3n cuentan c\u00f3mo, hace algunos a\u00f1os, el sitio fue el centro de atenci\u00f3n del gobierno municipal de entonces, que pretend\u00eda folclorizar y comercializar la experiencia de sus tradiciones, como si se trataran de mercanc\u00edas.&nbsp;<\/p>\n\n\n\n<p>El proyecto no solamente narra c\u00f3mo fue que los vecinos del barrio se enteraron de que se buscaba hacer de sus ceremonias ancestrales una experiencia que vender para el turismo, sino que tambi\u00e9n implicaba la modificaci\u00f3n vial de algunas de sus estrechas calles, las mismas que est\u00e1n flanqueadas por dos de las principales avenidas del centro de esta ciudad.&nbsp;<\/p>\n\n\n\n<p>\u201cNos gustar\u00eda, nos encantar\u00eda compartir hacia afuera, en el sentido de que el barrio tiene mucha estigmatizaci\u00f3n, por racismo, por delincuencia y las estad\u00edsticas son mayores en otras zonas de la ciudad. Entonces, tambi\u00e9n invitar a las personas que no se han vinculado con este barrio, que no est\u00e1n relacionadas con \u00e9l, a conocerlo a partir de este podcast, a formarse una imagen diferente sobre este barrio y sobre sus tradiciones, especialmente la tradici\u00f3n conchera y que podamos caminar a una convivencia dentro de la ciudad, a tener di\u00e1logos no racistas\u201d, expres\u00f3 Luis Cazares, editor de audio del episodio.<\/p>\n\n\n\n<p>La Confederaci\u00f3n, con la voz y guion de Alejandra Moreno y la edici\u00f3n de Luis Cazares, narra la historia de la b\u00fasqueda por el reconocimiento de sus ra\u00edces ind\u00edgenas. Relatan c\u00f3mo las instituciones responsables actuaron desde una visi\u00f3n puritana de lo ind\u00edgena, como si estas identidades debieran permanecer sacralizadas en otro tiempo.&nbsp;<\/p>\n\n\n\n<p>Despu\u00e9s de meses y de mucha organizaci\u00f3n comunitaria, lograron que el Instituto Nacional de Pueblos Ind\u00edgenas (INPI) les incluyera en el cat\u00e1logo nacional, sin embargo, el Congreso local a\u00fan no los reconoce como barrio ind\u00edgena urbano, debido a que esto cambiar\u00eda la manera en la que las instituciones y los gobiernos tomen decisiones sobre el territorio y quienes lo habitan.&nbsp;<\/p>\n\n\n\n<p>El proyecto del podcast forma parte de la construcci\u00f3n de autonom\u00eda tambi\u00e9n en t\u00e9rminos comunicativos, por lo que recibieron capacitaci\u00f3n por parte del equipo de Periodismo de lo Posible, tanto en las cuestiones de edici\u00f3n de audio como en la redacci\u00f3n del guion, con la asesor\u00eda de especialistas como Marcela Turati.&nbsp;<\/p>\n\n\n\n<p>\u201cEs para construir tambi\u00e9n la autonom\u00eda del barrio en t\u00e9rminos de comunicaci\u00f3n. Entonces, esta es una primera semilla sobre el proyecto de periodismo comunitario que se busca al interior del barrio\u201d, explic\u00f3 Cazares.&nbsp;<\/p>\n\n\n\n<p>El pr\u00f3ximo 25 de mayo se llevar\u00e1 a cabo una sesi\u00f3n de escucha colectiva del episodio, en el marco del tianguis que organiza la asamblea comunitaria del barrio: \u201cese mismo d\u00eda tambi\u00e9n va a haber un encuentro de pueblos que luchan y resisten y va a haber m\u00fasica de regional tradicional. Esperamos tambi\u00e9n la presentaci\u00f3n del grupo Ampersan\u201d.<\/p>\n\n\n\n<div style=\"height:71px\" aria-hidden=\"true\" class=\"wp-block-spacer\"><\/div>\n\n\n\n<p><\/p>\n","protected":false},"excerpt":{"rendered":"<p>Fotograf\u00eda: C\u00e9sar G\u00f3mez San Francisquito es un barrio conocido por su bravura, y no desde <\/p>\n","protected":false},"author":5,"featured_media":7726,"comment_status":"open","ping_status":"open","sticky":false,"template":"","format":"standard","meta":{"footnotes":""},"categories":[213],"tags":[],"class_list":["post-7725","post","type-post","status-publish","format-standard","has-post-thumbnail","hentry","category-noticias"],"yoast_head":"<!-- This site is optimized with the Yoast SEO plugin v27.4 - https:\/\/yoast.com\/product\/yoast-seo-wordpress\/ -->\n<title>San Francisquito se cuenta a s\u00ed mismo: podcast documenta su lucha como barrio ind\u00edgena urbano - Proyecto Saltapatr\u00e1s<\/title>\n<meta name=\"robots\" content=\"noindex, follow, max-snippet:-1, max-image-preview:large, max-video-preview:-1\" \/>\n<meta name=\"twitter:card\" content=\"summary_large_image\" \/>\n<meta name=\"twitter:title\" content=\"San Francisquito se cuenta a s\u00ed mismo: podcast documenta su lucha como barrio ind\u00edgena urbano - Proyecto Saltapatr\u00e1s\" \/>\n<meta name=\"twitter:description\" content=\"Fotograf\u00eda: C\u00e9sar G\u00f3mez San Francisquito es un barrio conocido por su bravura, y no desde\" \/>\n<meta name=\"twitter:image\" content=\"https:\/\/www.saltapatras.online\/wp-content\/uploads\/2025\/05\/492512831_1207758818024016_6232608815847134646_n.jpg\" \/>\n<meta name=\"twitter:site\" content=\"@DavidAlv5\" \/>\n<meta name=\"twitter:label1\" content=\"Escrito por\" \/>\n\t<meta name=\"twitter:data1\" content=\"Ana Karina V\u00e1zquez\" \/>\n\t<meta name=\"twitter:label2\" content=\"Tiempo de lectura\" \/>\n\t<meta name=\"twitter:data2\" content=\"3 minutos\" \/>\n<script type=\"application\/ld+json\" class=\"yoast-schema-graph\">{\"@context\":\"https:\\\/\\\/schema.org\",\"@graph\":[{\"@type\":\"Article\",\"@id\":\"https:\\\/\\\/www.saltapatras.online\\\/index.php\\\/2025\\\/05\\\/17\\\/san-francisquito-se-cuenta-a-si-mismo-podcast-documenta-su-lucha-como-barrio-indigena-urbano\\\/#article\",\"isPartOf\":{\"@id\":\"https:\\\/\\\/www.saltapatras.online\\\/index.php\\\/2025\\\/05\\\/17\\\/san-francisquito-se-cuenta-a-si-mismo-podcast-documenta-su-lucha-como-barrio-indigena-urbano\\\/\"},\"author\":{\"name\":\"Ana Karina V\u00e1zquez\",\"@id\":\"https:\\\/\\\/www.saltapatras.online\\\/#\\\/schema\\\/person\\\/f2be4b32e632287b1a9a376790cc4cfe\"},\"headline\":\"San Francisquito se cuenta a s\u00ed mismo: podcast documenta su lucha como barrio ind\u00edgena urbano\",\"datePublished\":\"2025-05-17T13:11:46+00:00\",\"dateModified\":\"2025-05-17T13:11:49+00:00\",\"mainEntityOfPage\":{\"@id\":\"https:\\\/\\\/www.saltapatras.online\\\/index.php\\\/2025\\\/05\\\/17\\\/san-francisquito-se-cuenta-a-si-mismo-podcast-documenta-su-lucha-como-barrio-indigena-urbano\\\/\"},\"wordCount\":593,\"commentCount\":0,\"publisher\":{\"@id\":\"https:\\\/\\\/www.saltapatras.online\\\/#\\\/schema\\\/person\\\/ba188863f686d47242cbdcc48828c735\"},\"image\":{\"@id\":\"https:\\\/\\\/www.saltapatras.online\\\/index.php\\\/2025\\\/05\\\/17\\\/san-francisquito-se-cuenta-a-si-mismo-podcast-documenta-su-lucha-como-barrio-indigena-urbano\\\/#primaryimage\"},\"thumbnailUrl\":\"https:\\\/\\\/www.saltapatras.online\\\/wp-content\\\/uploads\\\/2025\\\/05\\\/492512831_1207758818024016_6232608815847134646_n.jpg\",\"articleSection\":[\"Noticias\"],\"inLanguage\":\"es\",\"potentialAction\":[{\"@type\":\"CommentAction\",\"name\":\"Comment\",\"target\":[\"https:\\\/\\\/www.saltapatras.online\\\/index.php\\\/2025\\\/05\\\/17\\\/san-francisquito-se-cuenta-a-si-mismo-podcast-documenta-su-lucha-como-barrio-indigena-urbano\\\/#respond\"]}]},{\"@type\":\"WebPage\",\"@id\":\"https:\\\/\\\/www.saltapatras.online\\\/index.php\\\/2025\\\/05\\\/17\\\/san-francisquito-se-cuenta-a-si-mismo-podcast-documenta-su-lucha-como-barrio-indigena-urbano\\\/\",\"url\":\"https:\\\/\\\/www.saltapatras.online\\\/index.php\\\/2025\\\/05\\\/17\\\/san-francisquito-se-cuenta-a-si-mismo-podcast-documenta-su-lucha-como-barrio-indigena-urbano\\\/\",\"name\":\"San Francisquito se cuenta a s\u00ed mismo: podcast documenta su lucha como barrio ind\u00edgena urbano - Proyecto Saltapatr\u00e1s\",\"isPartOf\":{\"@id\":\"https:\\\/\\\/www.saltapatras.online\\\/#website\"},\"primaryImageOfPage\":{\"@id\":\"https:\\\/\\\/www.saltapatras.online\\\/index.php\\\/2025\\\/05\\\/17\\\/san-francisquito-se-cuenta-a-si-mismo-podcast-documenta-su-lucha-como-barrio-indigena-urbano\\\/#primaryimage\"},\"image\":{\"@id\":\"https:\\\/\\\/www.saltapatras.online\\\/index.php\\\/2025\\\/05\\\/17\\\/san-francisquito-se-cuenta-a-si-mismo-podcast-documenta-su-lucha-como-barrio-indigena-urbano\\\/#primaryimage\"},\"thumbnailUrl\":\"https:\\\/\\\/www.saltapatras.online\\\/wp-content\\\/uploads\\\/2025\\\/05\\\/492512831_1207758818024016_6232608815847134646_n.jpg\",\"datePublished\":\"2025-05-17T13:11:46+00:00\",\"dateModified\":\"2025-05-17T13:11:49+00:00\",\"breadcrumb\":{\"@id\":\"https:\\\/\\\/www.saltapatras.online\\\/index.php\\\/2025\\\/05\\\/17\\\/san-francisquito-se-cuenta-a-si-mismo-podcast-documenta-su-lucha-como-barrio-indigena-urbano\\\/#breadcrumb\"},\"inLanguage\":\"es\",\"potentialAction\":[{\"@type\":\"ReadAction\",\"target\":[\"https:\\\/\\\/www.saltapatras.online\\\/index.php\\\/2025\\\/05\\\/17\\\/san-francisquito-se-cuenta-a-si-mismo-podcast-documenta-su-lucha-como-barrio-indigena-urbano\\\/\"]}]},{\"@type\":\"ImageObject\",\"inLanguage\":\"es\",\"@id\":\"https:\\\/\\\/www.saltapatras.online\\\/index.php\\\/2025\\\/05\\\/17\\\/san-francisquito-se-cuenta-a-si-mismo-podcast-documenta-su-lucha-como-barrio-indigena-urbano\\\/#primaryimage\",\"url\":\"https:\\\/\\\/www.saltapatras.online\\\/wp-content\\\/uploads\\\/2025\\\/05\\\/492512831_1207758818024016_6232608815847134646_n.jpg\",\"contentUrl\":\"https:\\\/\\\/www.saltapatras.online\\\/wp-content\\\/uploads\\\/2025\\\/05\\\/492512831_1207758818024016_6232608815847134646_n.jpg\",\"width\":1600,\"height\":1066},{\"@type\":\"BreadcrumbList\",\"@id\":\"https:\\\/\\\/www.saltapatras.online\\\/index.php\\\/2025\\\/05\\\/17\\\/san-francisquito-se-cuenta-a-si-mismo-podcast-documenta-su-lucha-como-barrio-indigena-urbano\\\/#breadcrumb\",\"itemListElement\":[{\"@type\":\"ListItem\",\"position\":1,\"name\":\"Portada\",\"item\":\"https:\\\/\\\/www.saltapatras.online\\\/\"},{\"@type\":\"ListItem\",\"position\":2,\"name\":\"San Francisquito se cuenta a s\u00ed mismo: podcast documenta su lucha como barrio ind\u00edgena urbano\"}]},{\"@type\":\"WebSite\",\"@id\":\"https:\\\/\\\/www.saltapatras.online\\\/#website\",\"url\":\"https:\\\/\\\/www.saltapatras.online\\\/\",\"name\":\"Saltapatr\u00e1s\",\"description\":\"Proyecto Saltapatr\u00e1s es un medio independiente de periodismo, an\u00e1lisis y divulgaci\u00f3n cultural.\",\"publisher\":{\"@id\":\"https:\\\/\\\/www.saltapatras.online\\\/#\\\/schema\\\/person\\\/ba188863f686d47242cbdcc48828c735\"},\"potentialAction\":[{\"@type\":\"SearchAction\",\"target\":{\"@type\":\"EntryPoint\",\"urlTemplate\":\"https:\\\/\\\/www.saltapatras.online\\\/?s={search_term_string}\"},\"query-input\":{\"@type\":\"PropertyValueSpecification\",\"valueRequired\":true,\"valueName\":\"search_term_string\"}}],\"inLanguage\":\"es\"},{\"@type\":[\"Person\",\"Organization\"],\"@id\":\"https:\\\/\\\/www.saltapatras.online\\\/#\\\/schema\\\/person\\\/ba188863f686d47242cbdcc48828c735\",\"name\":\"David \u00c1lvarez\",\"image\":{\"@type\":\"ImageObject\",\"inLanguage\":\"es\",\"@id\":\"https:\\\/\\\/www.saltapatras.online\\\/wp-content\\\/uploads\\\/2025\\\/09\\\/cropped-cropped-cropped-cropped-Logotipo-1.png\",\"url\":\"https:\\\/\\\/www.saltapatras.online\\\/wp-content\\\/uploads\\\/2025\\\/09\\\/cropped-cropped-cropped-cropped-Logotipo-1.png\",\"contentUrl\":\"https:\\\/\\\/www.saltapatras.online\\\/wp-content\\\/uploads\\\/2025\\\/09\\\/cropped-cropped-cropped-cropped-Logotipo-1.png\",\"width\":960,\"height\":282,\"caption\":\"David \u00c1lvarez\"},\"logo\":{\"@id\":\"https:\\\/\\\/www.saltapatras.online\\\/wp-content\\\/uploads\\\/2025\\\/09\\\/cropped-cropped-cropped-cropped-Logotipo-1.png\"},\"description\":\"Soci\u00f3logo, periodista y gestor cultural. Dirige Proyecto Saltapatr\u00e1s. Estudia la maestr\u00eda en Derechos Humanos y Pol\u00edticas P\u00fablicas.\",\"sameAs\":[\"https:\\\/\\\/www.saltapatras.online\",\"https:\\\/\\\/www.facebook.com\\\/davidalvarezv\\\/\",\"https:\\\/\\\/x.com\\\/DavidAlv5\"]},{\"@type\":\"Person\",\"@id\":\"https:\\\/\\\/www.saltapatras.online\\\/#\\\/schema\\\/person\\\/f2be4b32e632287b1a9a376790cc4cfe\",\"name\":\"Ana Karina V\u00e1zquez\",\"image\":{\"@type\":\"ImageObject\",\"inLanguage\":\"es\",\"@id\":\"https:\\\/\\\/www.saltapatras.online\\\/wp-content\\\/uploads\\\/2020\\\/11\\\/Ana-Karina-Vazquez-150x150.png\",\"url\":\"https:\\\/\\\/www.saltapatras.online\\\/wp-content\\\/uploads\\\/2020\\\/11\\\/Ana-Karina-Vazquez-150x150.png\",\"contentUrl\":\"https:\\\/\\\/www.saltapatras.online\\\/wp-content\\\/uploads\\\/2020\\\/11\\\/Ana-Karina-Vazquez-150x150.png\",\"caption\":\"Ana Karina V\u00e1zquez\"},\"description\":\"Periodista de la generaci\u00f3n del fin del mundo. Hija de la crisis y de la incertidumbre. Tengo muchas pasiones.\",\"sameAs\":[\"https:\\\/\\\/www.facebook.com\\\/karina.vazquez.376\"],\"url\":\"https:\\\/\\\/www.saltapatras.online\\\/index.php\\\/author\\\/ana-karina-vazquez\\\/\"}]}<\/script>\n<!-- \/ Yoast SEO plugin. -->","yoast_head_json":{"title":"San Francisquito se cuenta a s\u00ed mismo: podcast documenta su lucha como barrio ind\u00edgena urbano - Proyecto Saltapatr\u00e1s","robots":{"index":"noindex","follow":"follow","max-snippet":"max-snippet:-1","max-image-preview":"max-image-preview:large","max-video-preview":"max-video-preview:-1"},"twitter_card":"summary_large_image","twitter_title":"San Francisquito se cuenta a s\u00ed mismo: podcast documenta su lucha como barrio ind\u00edgena urbano - Proyecto Saltapatr\u00e1s","twitter_description":"Fotograf\u00eda: C\u00e9sar G\u00f3mez San Francisquito es un barrio conocido por su bravura, y no desde","twitter_image":"https:\/\/www.saltapatras.online\/wp-content\/uploads\/2025\/05\/492512831_1207758818024016_6232608815847134646_n.jpg","twitter_site":"@DavidAlv5","twitter_misc":{"Escrito por":"Ana Karina V\u00e1zquez","Tiempo de lectura":"3 minutos"},"schema":{"@context":"https:\/\/schema.org","@graph":[{"@type":"Article","@id":"https:\/\/www.saltapatras.online\/index.php\/2025\/05\/17\/san-francisquito-se-cuenta-a-si-mismo-podcast-documenta-su-lucha-como-barrio-indigena-urbano\/#article","isPartOf":{"@id":"https:\/\/www.saltapatras.online\/index.php\/2025\/05\/17\/san-francisquito-se-cuenta-a-si-mismo-podcast-documenta-su-lucha-como-barrio-indigena-urbano\/"},"author":{"name":"Ana Karina V\u00e1zquez","@id":"https:\/\/www.saltapatras.online\/#\/schema\/person\/f2be4b32e632287b1a9a376790cc4cfe"},"headline":"San Francisquito se cuenta a s\u00ed mismo: podcast documenta su lucha como barrio ind\u00edgena urbano","datePublished":"2025-05-17T13:11:46+00:00","dateModified":"2025-05-17T13:11:49+00:00","mainEntityOfPage":{"@id":"https:\/\/www.saltapatras.online\/index.php\/2025\/05\/17\/san-francisquito-se-cuenta-a-si-mismo-podcast-documenta-su-lucha-como-barrio-indigena-urbano\/"},"wordCount":593,"commentCount":0,"publisher":{"@id":"https:\/\/www.saltapatras.online\/#\/schema\/person\/ba188863f686d47242cbdcc48828c735"},"image":{"@id":"https:\/\/www.saltapatras.online\/index.php\/2025\/05\/17\/san-francisquito-se-cuenta-a-si-mismo-podcast-documenta-su-lucha-como-barrio-indigena-urbano\/#primaryimage"},"thumbnailUrl":"https:\/\/www.saltapatras.online\/wp-content\/uploads\/2025\/05\/492512831_1207758818024016_6232608815847134646_n.jpg","articleSection":["Noticias"],"inLanguage":"es","potentialAction":[{"@type":"CommentAction","name":"Comment","target":["https:\/\/www.saltapatras.online\/index.php\/2025\/05\/17\/san-francisquito-se-cuenta-a-si-mismo-podcast-documenta-su-lucha-como-barrio-indigena-urbano\/#respond"]}]},{"@type":"WebPage","@id":"https:\/\/www.saltapatras.online\/index.php\/2025\/05\/17\/san-francisquito-se-cuenta-a-si-mismo-podcast-documenta-su-lucha-como-barrio-indigena-urbano\/","url":"https:\/\/www.saltapatras.online\/index.php\/2025\/05\/17\/san-francisquito-se-cuenta-a-si-mismo-podcast-documenta-su-lucha-como-barrio-indigena-urbano\/","name":"San Francisquito se cuenta a s\u00ed mismo: podcast documenta su lucha como barrio ind\u00edgena urbano - Proyecto Saltapatr\u00e1s","isPartOf":{"@id":"https:\/\/www.saltapatras.online\/#website"},"primaryImageOfPage":{"@id":"https:\/\/www.saltapatras.online\/index.php\/2025\/05\/17\/san-francisquito-se-cuenta-a-si-mismo-podcast-documenta-su-lucha-como-barrio-indigena-urbano\/#primaryimage"},"image":{"@id":"https:\/\/www.saltapatras.online\/index.php\/2025\/05\/17\/san-francisquito-se-cuenta-a-si-mismo-podcast-documenta-su-lucha-como-barrio-indigena-urbano\/#primaryimage"},"thumbnailUrl":"https:\/\/www.saltapatras.online\/wp-content\/uploads\/2025\/05\/492512831_1207758818024016_6232608815847134646_n.jpg","datePublished":"2025-05-17T13:11:46+00:00","dateModified":"2025-05-17T13:11:49+00:00","breadcrumb":{"@id":"https:\/\/www.saltapatras.online\/index.php\/2025\/05\/17\/san-francisquito-se-cuenta-a-si-mismo-podcast-documenta-su-lucha-como-barrio-indigena-urbano\/#breadcrumb"},"inLanguage":"es","potentialAction":[{"@type":"ReadAction","target":["https:\/\/www.saltapatras.online\/index.php\/2025\/05\/17\/san-francisquito-se-cuenta-a-si-mismo-podcast-documenta-su-lucha-como-barrio-indigena-urbano\/"]}]},{"@type":"ImageObject","inLanguage":"es","@id":"https:\/\/www.saltapatras.online\/index.php\/2025\/05\/17\/san-francisquito-se-cuenta-a-si-mismo-podcast-documenta-su-lucha-como-barrio-indigena-urbano\/#primaryimage","url":"https:\/\/www.saltapatras.online\/wp-content\/uploads\/2025\/05\/492512831_1207758818024016_6232608815847134646_n.jpg","contentUrl":"https:\/\/www.saltapatras.online\/wp-content\/uploads\/2025\/05\/492512831_1207758818024016_6232608815847134646_n.jpg","width":1600,"height":1066},{"@type":"BreadcrumbList","@id":"https:\/\/www.saltapatras.online\/index.php\/2025\/05\/17\/san-francisquito-se-cuenta-a-si-mismo-podcast-documenta-su-lucha-como-barrio-indigena-urbano\/#breadcrumb","itemListElement":[{"@type":"ListItem","position":1,"name":"Portada","item":"https:\/\/www.saltapatras.online\/"},{"@type":"ListItem","position":2,"name":"San Francisquito se cuenta a s\u00ed mismo: podcast documenta su lucha como barrio ind\u00edgena urbano"}]},{"@type":"WebSite","@id":"https:\/\/www.saltapatras.online\/#website","url":"https:\/\/www.saltapatras.online\/","name":"Saltapatr\u00e1s","description":"Proyecto Saltapatr\u00e1s es un medio independiente de periodismo, an\u00e1lisis y divulgaci\u00f3n cultural.","publisher":{"@id":"https:\/\/www.saltapatras.online\/#\/schema\/person\/ba188863f686d47242cbdcc48828c735"},"potentialAction":[{"@type":"SearchAction","target":{"@type":"EntryPoint","urlTemplate":"https:\/\/www.saltapatras.online\/?s={search_term_string}"},"query-input":{"@type":"PropertyValueSpecification","valueRequired":true,"valueName":"search_term_string"}}],"inLanguage":"es"},{"@type":["Person","Organization"],"@id":"https:\/\/www.saltapatras.online\/#\/schema\/person\/ba188863f686d47242cbdcc48828c735","name":"David \u00c1lvarez","image":{"@type":"ImageObject","inLanguage":"es","@id":"https:\/\/www.saltapatras.online\/wp-content\/uploads\/2025\/09\/cropped-cropped-cropped-cropped-Logotipo-1.png","url":"https:\/\/www.saltapatras.online\/wp-content\/uploads\/2025\/09\/cropped-cropped-cropped-cropped-Logotipo-1.png","contentUrl":"https:\/\/www.saltapatras.online\/wp-content\/uploads\/2025\/09\/cropped-cropped-cropped-cropped-Logotipo-1.png","width":960,"height":282,"caption":"David \u00c1lvarez"},"logo":{"@id":"https:\/\/www.saltapatras.online\/wp-content\/uploads\/2025\/09\/cropped-cropped-cropped-cropped-Logotipo-1.png"},"description":"Soci\u00f3logo, periodista y gestor cultural. Dirige Proyecto Saltapatr\u00e1s. Estudia la maestr\u00eda en Derechos Humanos y Pol\u00edticas P\u00fablicas.","sameAs":["https:\/\/www.saltapatras.online","https:\/\/www.facebook.com\/davidalvarezv\/","https:\/\/x.com\/DavidAlv5"]},{"@type":"Person","@id":"https:\/\/www.saltapatras.online\/#\/schema\/person\/f2be4b32e632287b1a9a376790cc4cfe","name":"Ana Karina V\u00e1zquez","image":{"@type":"ImageObject","inLanguage":"es","@id":"https:\/\/www.saltapatras.online\/wp-content\/uploads\/2020\/11\/Ana-Karina-Vazquez-150x150.png","url":"https:\/\/www.saltapatras.online\/wp-content\/uploads\/2020\/11\/Ana-Karina-Vazquez-150x150.png","contentUrl":"https:\/\/www.saltapatras.online\/wp-content\/uploads\/2020\/11\/Ana-Karina-Vazquez-150x150.png","caption":"Ana Karina V\u00e1zquez"},"description":"Periodista de la generaci\u00f3n del fin del mundo. Hija de la crisis y de la incertidumbre. Tengo muchas pasiones.","sameAs":["https:\/\/www.facebook.com\/karina.vazquez.376"],"url":"https:\/\/www.saltapatras.online\/index.php\/author\/ana-karina-vazquez\/"}]}},"amp_enabled":true,"_links":{"self":[{"href":"https:\/\/www.saltapatras.online\/index.php\/wp-json\/wp\/v2\/posts\/7725","targetHints":{"allow":["GET"]}}],"collection":[{"href":"https:\/\/www.saltapatras.online\/index.php\/wp-json\/wp\/v2\/posts"}],"about":[{"href":"https:\/\/www.saltapatras.online\/index.php\/wp-json\/wp\/v2\/types\/post"}],"author":[{"embeddable":true,"href":"https:\/\/www.saltapatras.online\/index.php\/wp-json\/wp\/v2\/users\/5"}],"replies":[{"embeddable":true,"href":"https:\/\/www.saltapatras.online\/index.php\/wp-json\/wp\/v2\/comments?post=7725"}],"version-history":[{"count":1,"href":"https:\/\/www.saltapatras.online\/index.php\/wp-json\/wp\/v2\/posts\/7725\/revisions"}],"predecessor-version":[{"id":7727,"href":"https:\/\/www.saltapatras.online\/index.php\/wp-json\/wp\/v2\/posts\/7725\/revisions\/7727"}],"wp:featuredmedia":[{"embeddable":true,"href":"https:\/\/www.saltapatras.online\/index.php\/wp-json\/wp\/v2\/media\/7726"}],"wp:attachment":[{"href":"https:\/\/www.saltapatras.online\/index.php\/wp-json\/wp\/v2\/media?parent=7725"}],"wp:term":[{"taxonomy":"category","embeddable":true,"href":"https:\/\/www.saltapatras.online\/index.php\/wp-json\/wp\/v2\/categories?post=7725"},{"taxonomy":"post_tag","embeddable":true,"href":"https:\/\/www.saltapatras.online\/index.php\/wp-json\/wp\/v2\/tags?post=7725"}],"curies":[{"name":"wp","href":"https:\/\/api.w.org\/{rel}","templated":true}]}}