{"id":7799,"date":"2025-06-12T01:19:39","date_gmt":"2025-06-12T01:19:39","guid":{"rendered":"https:\/\/www.saltapatras.online\/?p=7799"},"modified":"2025-06-12T01:29:59","modified_gmt":"2025-06-12T01:29:59","slug":"animalistas-exigen-prohibicion-de-la-tauromaquia-en-queretaro","status":"publish","type":"post","link":"https:\/\/www.saltapatras.online\/index.php\/2025\/06\/12\/animalistas-exigen-prohibicion-de-la-tauromaquia-en-queretaro\/","title":{"rendered":"Animalistas exigen prohibici\u00f3n de la tauromaquia en Quer\u00e9taro"},"content":{"rendered":"\n<hr class=\"wp-block-separator has-alpha-channel-opacity is-style-wide\"\/>\n\n\n\n<p><strong>Fotograf\u00eda: C\u00e9sar G\u00f3mez<\/strong><\/p>\n\n\n\n<hr class=\"wp-block-separator has-alpha-channel-opacity is-style-wide\"\/>\n\n\n\n<div style=\"height:69px\" aria-hidden=\"true\" class=\"wp-block-spacer\"><\/div>\n\n\n\n<p class=\"has-drop-cap\">Un grupo de activistas realiz\u00f3 una intervenci\u00f3n p\u00fablica frente al acueducto de Los Arcos este mi\u00e9rcoles para exigir la prohibici\u00f3n definitiva de las corridas de toros en el estado.<\/p>\n\n\n\n<p>Con una acci\u00f3n esc\u00e9nica simb\u00f3lica y pancartas en el camell\u00f3n central de la intersecci\u00f3n entre Calzada de Los Arcos y Boulevard Bernardo Quintana, representantes de organizaciones animalistas plantearon que estos espect\u00e1culos vulneran tanto leyes federales como principios constitucionales.<\/p>\n\n\n\n<p>La manifestaci\u00f3n fue convocada por los colectivos Animal Heroes, M\u00e9xico Sin Toreo, PETA Latino y Anima Naturalis.<\/p>\n\n\n\n<div style=\"height:28px\" aria-hidden=\"true\" class=\"wp-block-spacer\"><\/div>\n\n\n\n<figure class=\"wp-block-image size-large\"><img loading=\"lazy\" decoding=\"async\" width=\"1024\" height=\"682\" src=\"https:\/\/www.saltapatras.online\/wp-content\/uploads\/2025\/06\/WhatsApp-Image-2025-06-11-at-3.41.40-PM-4-1024x682.jpeg\" alt=\"\" class=\"wp-image-7802\" srcset=\"https:\/\/www.saltapatras.online\/wp-content\/uploads\/2025\/06\/WhatsApp-Image-2025-06-11-at-3.41.40-PM-4-1024x682.jpeg 1024w, https:\/\/www.saltapatras.online\/wp-content\/uploads\/2025\/06\/WhatsApp-Image-2025-06-11-at-3.41.40-PM-4-300x200.jpeg 300w, https:\/\/www.saltapatras.online\/wp-content\/uploads\/2025\/06\/WhatsApp-Image-2025-06-11-at-3.41.40-PM-4-768x512.jpeg 768w, https:\/\/www.saltapatras.online\/wp-content\/uploads\/2025\/06\/WhatsApp-Image-2025-06-11-at-3.41.40-PM-4-1536x1023.jpeg 1536w, https:\/\/www.saltapatras.online\/wp-content\/uploads\/2025\/06\/WhatsApp-Image-2025-06-11-at-3.41.40-PM-4.jpeg 1600w\" sizes=\"auto, (max-width: 1024px) 100vw, 1024px\" \/><\/figure>\n\n\n\n<div style=\"height:30px\" aria-hidden=\"true\" class=\"wp-block-spacer\"><\/div>\n\n\n\n<p>En el sitio, los participantes montaron un performance en el que simularon escenas de lidia, acompa\u00f1adas de mensajes sobre el maltrato animal y las omisiones de las autoridades encargadas de regular este tipo de actividades.<\/p>\n\n\n\n<p>Jer\u00f3nimo S\u00e1nchez, director de Animal Heroes, explic\u00f3 que las corridas implican una forma de violencia que no est\u00e1 permitida por la legislaci\u00f3n vigente.<\/p>\n\n\n\n<p>Se\u00f1al\u00f3 que la Norma Oficial Mexicana 033, que regula el sacrificio humanitario de animales, est\u00e1 en vigor desde hace una d\u00e9cada y nunca ha sido aplicada en estos casos.<\/p>\n\n\n\n<div style=\"height:28px\" aria-hidden=\"true\" class=\"wp-block-spacer\"><\/div>\n\n\n\n<figure class=\"wp-block-image size-large\"><img loading=\"lazy\" decoding=\"async\" width=\"1024\" height=\"682\" src=\"https:\/\/www.saltapatras.online\/wp-content\/uploads\/2025\/06\/WhatsApp-Image-2025-06-11-at-3.41.40-PM-2-1024x682.jpeg\" alt=\"\" class=\"wp-image-7803\" srcset=\"https:\/\/www.saltapatras.online\/wp-content\/uploads\/2025\/06\/WhatsApp-Image-2025-06-11-at-3.41.40-PM-2-1024x682.jpeg 1024w, https:\/\/www.saltapatras.online\/wp-content\/uploads\/2025\/06\/WhatsApp-Image-2025-06-11-at-3.41.40-PM-2-300x200.jpeg 300w, https:\/\/www.saltapatras.online\/wp-content\/uploads\/2025\/06\/WhatsApp-Image-2025-06-11-at-3.41.40-PM-2-768x512.jpeg 768w, https:\/\/www.saltapatras.online\/wp-content\/uploads\/2025\/06\/WhatsApp-Image-2025-06-11-at-3.41.40-PM-2-1536x1023.jpeg 1536w, https:\/\/www.saltapatras.online\/wp-content\/uploads\/2025\/06\/WhatsApp-Image-2025-06-11-at-3.41.40-PM-2.jpeg 1600w\" sizes=\"auto, (max-width: 1024px) 100vw, 1024px\" \/><\/figure>\n\n\n\n<div style=\"height:32px\" aria-hidden=\"true\" class=\"wp-block-spacer\"><\/div>\n\n\n\n<p>Tambi\u00e9n record\u00f3 que el art\u00edculo 4\u00ba de la Constituci\u00f3n establece el derecho de toda persona a un medio ambiente sano, lo que, dijo, debe incluir a los animales como seres sintientes.<\/p>\n\n\n\n<p>El vocero tambi\u00e9n se refiri\u00f3 al caso de San Juan del R\u00edo, donde recientemente se aprob\u00f3 un reglamento taurino municipal. Seg\u00fan explic\u00f3, esta normatividad permite sancionar a personas que protesten contra la tauromaquia, lo que \u2014a juicio de las organizaciones\u2014 representa una restricci\u00f3n a la libertad de expresi\u00f3n.<\/p>\n\n\n\n<p>Por ello, anunciaron que presentar\u00e1n recursos legales ante tribunales federales para impugnar el reglamento y buscar su revocaci\u00f3n.<\/p>\n\n\n\n<div style=\"height:30px\" aria-hidden=\"true\" class=\"wp-block-spacer\"><\/div>\n\n\n\n<figure class=\"wp-block-image size-large\"><img loading=\"lazy\" decoding=\"async\" width=\"1024\" height=\"682\" src=\"https:\/\/www.saltapatras.online\/wp-content\/uploads\/2025\/06\/WhatsApp-Image-2025-06-11-at-3.41.40-PM-1-1024x682.jpeg\" alt=\"\" class=\"wp-image-7805\" srcset=\"https:\/\/www.saltapatras.online\/wp-content\/uploads\/2025\/06\/WhatsApp-Image-2025-06-11-at-3.41.40-PM-1-1024x682.jpeg 1024w, https:\/\/www.saltapatras.online\/wp-content\/uploads\/2025\/06\/WhatsApp-Image-2025-06-11-at-3.41.40-PM-1-300x200.jpeg 300w, https:\/\/www.saltapatras.online\/wp-content\/uploads\/2025\/06\/WhatsApp-Image-2025-06-11-at-3.41.40-PM-1-768x512.jpeg 768w, https:\/\/www.saltapatras.online\/wp-content\/uploads\/2025\/06\/WhatsApp-Image-2025-06-11-at-3.41.40-PM-1-1536x1023.jpeg 1536w, https:\/\/www.saltapatras.online\/wp-content\/uploads\/2025\/06\/WhatsApp-Image-2025-06-11-at-3.41.40-PM-1.jpeg 1600w\" sizes=\"auto, (max-width: 1024px) 100vw, 1024px\" \/><\/figure>\n\n\n\n<div style=\"height:72px\" aria-hidden=\"true\" class=\"wp-block-spacer\"><\/div>\n","protected":false},"excerpt":{"rendered":"<p>Fotograf\u00eda: C\u00e9sar G\u00f3mez Un grupo de activistas realiz\u00f3 una intervenci\u00f3n p\u00fablica frente al acueducto de <\/p>\n","protected":false},"author":2,"featured_media":7800,"comment_status":"open","ping_status":"open","sticky":false,"template":"","format":"standard","meta":{"footnotes":""},"categories":[213],"tags":[],"class_list":["post-7799","post","type-post","status-publish","format-standard","has-post-thumbnail","hentry","category-noticias"],"yoast_head":"<!-- This site is optimized with the Yoast SEO plugin v27.4 - https:\/\/yoast.com\/product\/yoast-seo-wordpress\/ -->\n<title>Animalistas exigen prohibici\u00f3n de la tauromaquia en Quer\u00e9taro - Proyecto Saltapatr\u00e1s<\/title>\n<meta name=\"robots\" content=\"noindex, follow, max-snippet:-1, max-image-preview:large, max-video-preview:-1\" \/>\n<meta name=\"twitter:card\" content=\"summary_large_image\" \/>\n<meta name=\"twitter:title\" content=\"Animalistas exigen prohibici\u00f3n de la tauromaquia en Quer\u00e9taro - Proyecto Saltapatr\u00e1s\" \/>\n<meta name=\"twitter:description\" content=\"Fotograf\u00eda: C\u00e9sar G\u00f3mez Un grupo de activistas realiz\u00f3 una intervenci\u00f3n p\u00fablica frente al acueducto de\" \/>\n<meta name=\"twitter:image\" content=\"https:\/\/www.saltapatras.online\/wp-content\/uploads\/2025\/06\/WhatsApp-Image-2025-06-11-at-3.41.40-PM.jpeg\" \/>\n<meta name=\"twitter:creator\" content=\"@DavidAlv5\" \/>\n<meta name=\"twitter:site\" content=\"@DavidAlv5\" \/>\n<meta name=\"twitter:label1\" content=\"Escrito por\" \/>\n\t<meta name=\"twitter:data1\" content=\"David \u00c1lvarez\" \/>\n\t<meta name=\"twitter:label2\" content=\"Tiempo de lectura\" \/>\n\t<meta name=\"twitter:data2\" content=\"3 minutos\" \/>\n<script type=\"application\/ld+json\" class=\"yoast-schema-graph\">{\"@context\":\"https:\\\/\\\/schema.org\",\"@graph\":[{\"@type\":\"Article\",\"@id\":\"https:\\\/\\\/www.saltapatras.online\\\/index.php\\\/2025\\\/06\\\/12\\\/animalistas-exigen-prohibicion-de-la-tauromaquia-en-queretaro\\\/#article\",\"isPartOf\":{\"@id\":\"https:\\\/\\\/www.saltapatras.online\\\/index.php\\\/2025\\\/06\\\/12\\\/animalistas-exigen-prohibicion-de-la-tauromaquia-en-queretaro\\\/\"},\"author\":{\"name\":\"David \u00c1lvarez\",\"@id\":\"https:\\\/\\\/www.saltapatras.online\\\/#\\\/schema\\\/person\\\/ba188863f686d47242cbdcc48828c735\"},\"headline\":\"Animalistas exigen prohibici\u00f3n de la tauromaquia en Quer\u00e9taro\",\"datePublished\":\"2025-06-12T01:19:39+00:00\",\"dateModified\":\"2025-06-12T01:29:59+00:00\",\"mainEntityOfPage\":{\"@id\":\"https:\\\/\\\/www.saltapatras.online\\\/index.php\\\/2025\\\/06\\\/12\\\/animalistas-exigen-prohibicion-de-la-tauromaquia-en-queretaro\\\/\"},\"wordCount\":310,\"commentCount\":0,\"publisher\":{\"@id\":\"https:\\\/\\\/www.saltapatras.online\\\/#\\\/schema\\\/person\\\/ba188863f686d47242cbdcc48828c735\"},\"image\":{\"@id\":\"https:\\\/\\\/www.saltapatras.online\\\/index.php\\\/2025\\\/06\\\/12\\\/animalistas-exigen-prohibicion-de-la-tauromaquia-en-queretaro\\\/#primaryimage\"},\"thumbnailUrl\":\"https:\\\/\\\/www.saltapatras.online\\\/wp-content\\\/uploads\\\/2025\\\/06\\\/WhatsApp-Image-2025-06-11-at-3.41.40-PM.jpeg\",\"articleSection\":[\"Noticias\"],\"inLanguage\":\"es\",\"potentialAction\":[{\"@type\":\"CommentAction\",\"name\":\"Comment\",\"target\":[\"https:\\\/\\\/www.saltapatras.online\\\/index.php\\\/2025\\\/06\\\/12\\\/animalistas-exigen-prohibicion-de-la-tauromaquia-en-queretaro\\\/#respond\"]}]},{\"@type\":\"WebPage\",\"@id\":\"https:\\\/\\\/www.saltapatras.online\\\/index.php\\\/2025\\\/06\\\/12\\\/animalistas-exigen-prohibicion-de-la-tauromaquia-en-queretaro\\\/\",\"url\":\"https:\\\/\\\/www.saltapatras.online\\\/index.php\\\/2025\\\/06\\\/12\\\/animalistas-exigen-prohibicion-de-la-tauromaquia-en-queretaro\\\/\",\"name\":\"Animalistas exigen prohibici\u00f3n de la tauromaquia en Quer\u00e9taro - Proyecto Saltapatr\u00e1s\",\"isPartOf\":{\"@id\":\"https:\\\/\\\/www.saltapatras.online\\\/#website\"},\"primaryImageOfPage\":{\"@id\":\"https:\\\/\\\/www.saltapatras.online\\\/index.php\\\/2025\\\/06\\\/12\\\/animalistas-exigen-prohibicion-de-la-tauromaquia-en-queretaro\\\/#primaryimage\"},\"image\":{\"@id\":\"https:\\\/\\\/www.saltapatras.online\\\/index.php\\\/2025\\\/06\\\/12\\\/animalistas-exigen-prohibicion-de-la-tauromaquia-en-queretaro\\\/#primaryimage\"},\"thumbnailUrl\":\"https:\\\/\\\/www.saltapatras.online\\\/wp-content\\\/uploads\\\/2025\\\/06\\\/WhatsApp-Image-2025-06-11-at-3.41.40-PM.jpeg\",\"datePublished\":\"2025-06-12T01:19:39+00:00\",\"dateModified\":\"2025-06-12T01:29:59+00:00\",\"breadcrumb\":{\"@id\":\"https:\\\/\\\/www.saltapatras.online\\\/index.php\\\/2025\\\/06\\\/12\\\/animalistas-exigen-prohibicion-de-la-tauromaquia-en-queretaro\\\/#breadcrumb\"},\"inLanguage\":\"es\",\"potentialAction\":[{\"@type\":\"ReadAction\",\"target\":[\"https:\\\/\\\/www.saltapatras.online\\\/index.php\\\/2025\\\/06\\\/12\\\/animalistas-exigen-prohibicion-de-la-tauromaquia-en-queretaro\\\/\"]}]},{\"@type\":\"ImageObject\",\"inLanguage\":\"es\",\"@id\":\"https:\\\/\\\/www.saltapatras.online\\\/index.php\\\/2025\\\/06\\\/12\\\/animalistas-exigen-prohibicion-de-la-tauromaquia-en-queretaro\\\/#primaryimage\",\"url\":\"https:\\\/\\\/www.saltapatras.online\\\/wp-content\\\/uploads\\\/2025\\\/06\\\/WhatsApp-Image-2025-06-11-at-3.41.40-PM.jpeg\",\"contentUrl\":\"https:\\\/\\\/www.saltapatras.online\\\/wp-content\\\/uploads\\\/2025\\\/06\\\/WhatsApp-Image-2025-06-11-at-3.41.40-PM.jpeg\",\"width\":1600,\"height\":1066},{\"@type\":\"BreadcrumbList\",\"@id\":\"https:\\\/\\\/www.saltapatras.online\\\/index.php\\\/2025\\\/06\\\/12\\\/animalistas-exigen-prohibicion-de-la-tauromaquia-en-queretaro\\\/#breadcrumb\",\"itemListElement\":[{\"@type\":\"ListItem\",\"position\":1,\"name\":\"Portada\",\"item\":\"https:\\\/\\\/www.saltapatras.online\\\/\"},{\"@type\":\"ListItem\",\"position\":2,\"name\":\"Animalistas exigen prohibici\u00f3n de la tauromaquia en Quer\u00e9taro\"}]},{\"@type\":\"WebSite\",\"@id\":\"https:\\\/\\\/www.saltapatras.online\\\/#website\",\"url\":\"https:\\\/\\\/www.saltapatras.online\\\/\",\"name\":\"Saltapatr\u00e1s\",\"description\":\"Proyecto Saltapatr\u00e1s es un medio independiente de periodismo, an\u00e1lisis y divulgaci\u00f3n cultural.\",\"publisher\":{\"@id\":\"https:\\\/\\\/www.saltapatras.online\\\/#\\\/schema\\\/person\\\/ba188863f686d47242cbdcc48828c735\"},\"potentialAction\":[{\"@type\":\"SearchAction\",\"target\":{\"@type\":\"EntryPoint\",\"urlTemplate\":\"https:\\\/\\\/www.saltapatras.online\\\/?s={search_term_string}\"},\"query-input\":{\"@type\":\"PropertyValueSpecification\",\"valueRequired\":true,\"valueName\":\"search_term_string\"}}],\"inLanguage\":\"es\"},{\"@type\":[\"Person\",\"Organization\"],\"@id\":\"https:\\\/\\\/www.saltapatras.online\\\/#\\\/schema\\\/person\\\/ba188863f686d47242cbdcc48828c735\",\"name\":\"David \u00c1lvarez\",\"image\":{\"@type\":\"ImageObject\",\"inLanguage\":\"es\",\"@id\":\"https:\\\/\\\/www.saltapatras.online\\\/wp-content\\\/uploads\\\/2025\\\/09\\\/cropped-cropped-cropped-cropped-Logotipo-1.png\",\"url\":\"https:\\\/\\\/www.saltapatras.online\\\/wp-content\\\/uploads\\\/2025\\\/09\\\/cropped-cropped-cropped-cropped-Logotipo-1.png\",\"contentUrl\":\"https:\\\/\\\/www.saltapatras.online\\\/wp-content\\\/uploads\\\/2025\\\/09\\\/cropped-cropped-cropped-cropped-Logotipo-1.png\",\"width\":960,\"height\":282,\"caption\":\"David \u00c1lvarez\"},\"logo\":{\"@id\":\"https:\\\/\\\/www.saltapatras.online\\\/wp-content\\\/uploads\\\/2025\\\/09\\\/cropped-cropped-cropped-cropped-Logotipo-1.png\"},\"description\":\"Soci\u00f3logo, periodista y gestor cultural. Dirige Proyecto Saltapatr\u00e1s. Estudia la maestr\u00eda en Derechos Humanos y Pol\u00edticas P\u00fablicas.\",\"sameAs\":[\"https:\\\/\\\/www.saltapatras.online\",\"https:\\\/\\\/www.facebook.com\\\/davidalvarezv\\\/\",\"https:\\\/\\\/x.com\\\/DavidAlv5\"],\"url\":\"https:\\\/\\\/www.saltapatras.online\\\/index.php\\\/author\\\/david-alvarez\\\/\"}]}<\/script>\n<!-- \/ Yoast SEO plugin. -->","yoast_head_json":{"title":"Animalistas exigen prohibici\u00f3n de la tauromaquia en Quer\u00e9taro - Proyecto Saltapatr\u00e1s","robots":{"index":"noindex","follow":"follow","max-snippet":"max-snippet:-1","max-image-preview":"max-image-preview:large","max-video-preview":"max-video-preview:-1"},"twitter_card":"summary_large_image","twitter_title":"Animalistas exigen prohibici\u00f3n de la tauromaquia en Quer\u00e9taro - Proyecto Saltapatr\u00e1s","twitter_description":"Fotograf\u00eda: C\u00e9sar G\u00f3mez Un grupo de activistas realiz\u00f3 una intervenci\u00f3n p\u00fablica frente al acueducto de","twitter_image":"https:\/\/www.saltapatras.online\/wp-content\/uploads\/2025\/06\/WhatsApp-Image-2025-06-11-at-3.41.40-PM.jpeg","twitter_creator":"@DavidAlv5","twitter_site":"@DavidAlv5","twitter_misc":{"Escrito por":"David \u00c1lvarez","Tiempo de lectura":"3 minutos"},"schema":{"@context":"https:\/\/schema.org","@graph":[{"@type":"Article","@id":"https:\/\/www.saltapatras.online\/index.php\/2025\/06\/12\/animalistas-exigen-prohibicion-de-la-tauromaquia-en-queretaro\/#article","isPartOf":{"@id":"https:\/\/www.saltapatras.online\/index.php\/2025\/06\/12\/animalistas-exigen-prohibicion-de-la-tauromaquia-en-queretaro\/"},"author":{"name":"David \u00c1lvarez","@id":"https:\/\/www.saltapatras.online\/#\/schema\/person\/ba188863f686d47242cbdcc48828c735"},"headline":"Animalistas exigen prohibici\u00f3n de la tauromaquia en Quer\u00e9taro","datePublished":"2025-06-12T01:19:39+00:00","dateModified":"2025-06-12T01:29:59+00:00","mainEntityOfPage":{"@id":"https:\/\/www.saltapatras.online\/index.php\/2025\/06\/12\/animalistas-exigen-prohibicion-de-la-tauromaquia-en-queretaro\/"},"wordCount":310,"commentCount":0,"publisher":{"@id":"https:\/\/www.saltapatras.online\/#\/schema\/person\/ba188863f686d47242cbdcc48828c735"},"image":{"@id":"https:\/\/www.saltapatras.online\/index.php\/2025\/06\/12\/animalistas-exigen-prohibicion-de-la-tauromaquia-en-queretaro\/#primaryimage"},"thumbnailUrl":"https:\/\/www.saltapatras.online\/wp-content\/uploads\/2025\/06\/WhatsApp-Image-2025-06-11-at-3.41.40-PM.jpeg","articleSection":["Noticias"],"inLanguage":"es","potentialAction":[{"@type":"CommentAction","name":"Comment","target":["https:\/\/www.saltapatras.online\/index.php\/2025\/06\/12\/animalistas-exigen-prohibicion-de-la-tauromaquia-en-queretaro\/#respond"]}]},{"@type":"WebPage","@id":"https:\/\/www.saltapatras.online\/index.php\/2025\/06\/12\/animalistas-exigen-prohibicion-de-la-tauromaquia-en-queretaro\/","url":"https:\/\/www.saltapatras.online\/index.php\/2025\/06\/12\/animalistas-exigen-prohibicion-de-la-tauromaquia-en-queretaro\/","name":"Animalistas exigen prohibici\u00f3n de la tauromaquia en Quer\u00e9taro - Proyecto Saltapatr\u00e1s","isPartOf":{"@id":"https:\/\/www.saltapatras.online\/#website"},"primaryImageOfPage":{"@id":"https:\/\/www.saltapatras.online\/index.php\/2025\/06\/12\/animalistas-exigen-prohibicion-de-la-tauromaquia-en-queretaro\/#primaryimage"},"image":{"@id":"https:\/\/www.saltapatras.online\/index.php\/2025\/06\/12\/animalistas-exigen-prohibicion-de-la-tauromaquia-en-queretaro\/#primaryimage"},"thumbnailUrl":"https:\/\/www.saltapatras.online\/wp-content\/uploads\/2025\/06\/WhatsApp-Image-2025-06-11-at-3.41.40-PM.jpeg","datePublished":"2025-06-12T01:19:39+00:00","dateModified":"2025-06-12T01:29:59+00:00","breadcrumb":{"@id":"https:\/\/www.saltapatras.online\/index.php\/2025\/06\/12\/animalistas-exigen-prohibicion-de-la-tauromaquia-en-queretaro\/#breadcrumb"},"inLanguage":"es","potentialAction":[{"@type":"ReadAction","target":["https:\/\/www.saltapatras.online\/index.php\/2025\/06\/12\/animalistas-exigen-prohibicion-de-la-tauromaquia-en-queretaro\/"]}]},{"@type":"ImageObject","inLanguage":"es","@id":"https:\/\/www.saltapatras.online\/index.php\/2025\/06\/12\/animalistas-exigen-prohibicion-de-la-tauromaquia-en-queretaro\/#primaryimage","url":"https:\/\/www.saltapatras.online\/wp-content\/uploads\/2025\/06\/WhatsApp-Image-2025-06-11-at-3.41.40-PM.jpeg","contentUrl":"https:\/\/www.saltapatras.online\/wp-content\/uploads\/2025\/06\/WhatsApp-Image-2025-06-11-at-3.41.40-PM.jpeg","width":1600,"height":1066},{"@type":"BreadcrumbList","@id":"https:\/\/www.saltapatras.online\/index.php\/2025\/06\/12\/animalistas-exigen-prohibicion-de-la-tauromaquia-en-queretaro\/#breadcrumb","itemListElement":[{"@type":"ListItem","position":1,"name":"Portada","item":"https:\/\/www.saltapatras.online\/"},{"@type":"ListItem","position":2,"name":"Animalistas exigen prohibici\u00f3n de la tauromaquia en Quer\u00e9taro"}]},{"@type":"WebSite","@id":"https:\/\/www.saltapatras.online\/#website","url":"https:\/\/www.saltapatras.online\/","name":"Saltapatr\u00e1s","description":"Proyecto Saltapatr\u00e1s es un medio independiente de periodismo, an\u00e1lisis y divulgaci\u00f3n cultural.","publisher":{"@id":"https:\/\/www.saltapatras.online\/#\/schema\/person\/ba188863f686d47242cbdcc48828c735"},"potentialAction":[{"@type":"SearchAction","target":{"@type":"EntryPoint","urlTemplate":"https:\/\/www.saltapatras.online\/?s={search_term_string}"},"query-input":{"@type":"PropertyValueSpecification","valueRequired":true,"valueName":"search_term_string"}}],"inLanguage":"es"},{"@type":["Person","Organization"],"@id":"https:\/\/www.saltapatras.online\/#\/schema\/person\/ba188863f686d47242cbdcc48828c735","name":"David \u00c1lvarez","image":{"@type":"ImageObject","inLanguage":"es","@id":"https:\/\/www.saltapatras.online\/wp-content\/uploads\/2025\/09\/cropped-cropped-cropped-cropped-Logotipo-1.png","url":"https:\/\/www.saltapatras.online\/wp-content\/uploads\/2025\/09\/cropped-cropped-cropped-cropped-Logotipo-1.png","contentUrl":"https:\/\/www.saltapatras.online\/wp-content\/uploads\/2025\/09\/cropped-cropped-cropped-cropped-Logotipo-1.png","width":960,"height":282,"caption":"David \u00c1lvarez"},"logo":{"@id":"https:\/\/www.saltapatras.online\/wp-content\/uploads\/2025\/09\/cropped-cropped-cropped-cropped-Logotipo-1.png"},"description":"Soci\u00f3logo, periodista y gestor cultural. Dirige Proyecto Saltapatr\u00e1s. Estudia la maestr\u00eda en Derechos Humanos y Pol\u00edticas P\u00fablicas.","sameAs":["https:\/\/www.saltapatras.online","https:\/\/www.facebook.com\/davidalvarezv\/","https:\/\/x.com\/DavidAlv5"],"url":"https:\/\/www.saltapatras.online\/index.php\/author\/david-alvarez\/"}]}},"amp_enabled":true,"_links":{"self":[{"href":"https:\/\/www.saltapatras.online\/index.php\/wp-json\/wp\/v2\/posts\/7799","targetHints":{"allow":["GET"]}}],"collection":[{"href":"https:\/\/www.saltapatras.online\/index.php\/wp-json\/wp\/v2\/posts"}],"about":[{"href":"https:\/\/www.saltapatras.online\/index.php\/wp-json\/wp\/v2\/types\/post"}],"author":[{"embeddable":true,"href":"https:\/\/www.saltapatras.online\/index.php\/wp-json\/wp\/v2\/users\/2"}],"replies":[{"embeddable":true,"href":"https:\/\/www.saltapatras.online\/index.php\/wp-json\/wp\/v2\/comments?post=7799"}],"version-history":[{"count":3,"href":"https:\/\/www.saltapatras.online\/index.php\/wp-json\/wp\/v2\/posts\/7799\/revisions"}],"predecessor-version":[{"id":7807,"href":"https:\/\/www.saltapatras.online\/index.php\/wp-json\/wp\/v2\/posts\/7799\/revisions\/7807"}],"wp:featuredmedia":[{"embeddable":true,"href":"https:\/\/www.saltapatras.online\/index.php\/wp-json\/wp\/v2\/media\/7800"}],"wp:attachment":[{"href":"https:\/\/www.saltapatras.online\/index.php\/wp-json\/wp\/v2\/media?parent=7799"}],"wp:term":[{"taxonomy":"category","embeddable":true,"href":"https:\/\/www.saltapatras.online\/index.php\/wp-json\/wp\/v2\/categories?post=7799"},{"taxonomy":"post_tag","embeddable":true,"href":"https:\/\/www.saltapatras.online\/index.php\/wp-json\/wp\/v2\/tags?post=7799"}],"curies":[{"name":"wp","href":"https:\/\/api.w.org\/{rel}","templated":true}]}}